{"id":5323,"date":"2024-11-09T20:06:41","date_gmt":"2024-11-09T19:06:41","guid":{"rendered":"https:\/\/wgphoto.pl\/t\/?p=5323"},"modified":"2024-11-09T20:06:41","modified_gmt":"2024-11-09T19:06:41","slug":"kobiety-w-sluzbie-narodu","status":"publish","type":"post","link":"http:\/\/wgphoto.pl\/t\/?p=5323","title":{"rendered":"Kobiety w s\u0142u\u017cbie narodu"},"content":{"rendered":"\n<figure class=\"wp-block-image aligncenter size-full\"><img loading=\"lazy\" decoding=\"async\" width=\"1200\" height=\"803\" src=\"https:\/\/wgphoto.pl\/t\/wp-content\/uploads\/2024\/11\/IMGP5425.jpg\" alt=\"\" class=\"wp-image-5324\" srcset=\"http:\/\/wgphoto.pl\/t\/wp-content\/uploads\/2024\/11\/IMGP5425.jpg 1200w, http:\/\/wgphoto.pl\/t\/wp-content\/uploads\/2024\/11\/IMGP5425-300x201.jpg 300w, http:\/\/wgphoto.pl\/t\/wp-content\/uploads\/2024\/11\/IMGP5425-768x514.jpg 768w\" sizes=\"auto, (max-width: 1200px) 100vw, 1200px\" \/><\/figure>\n\n\n\n<div class=\"wp-block-group has-global-padding is-layout-constrained wp-block-group-is-layout-constrained\">\n<p>Krzywy R\u00f3g, p\u0119tla Domnobudiwnykiw P\u0142oszcza. Obs\u0142uga tutejszych tramwaj\u00f3w w znacznej cz\u0119\u015bci by\u0142a \u017ce\u0144ska i taki trend by\u0142 widoczny we wszystkich odwiedzonych przeze mnie ukrai\u0144skich miastach. 2010-08-04<\/p>\n<\/div>\n","protected":false},"excerpt":{"rendered":"<p>Krzywy R\u00f3g, p\u0119tla Domnobudiwnykiw P\u0142oszcza. Obs\u0142uga tutejszych tramwaj\u00f3w w znacznej cz\u0119\u015bci by\u0142a \u017ce\u0144ska i taki trend by\u0142 widoczny we wszystkich odwiedzonych przeze mnie ukrai\u0144skich miastach. 2010-08-04<\/p>\n","protected":false},"author":1,"featured_media":5324,"comment_status":"open","ping_status":"","sticky":false,"template":"","format":"standard","meta":{"footnotes":""},"categories":[86,3],"tags":[2069,2070,617,151,453],"class_list":["post-5323","post","type-post","status-publish","format-standard","has-post-thumbnail","hentry","category-rok-2010","category-tramwaj","tag-2010-08-04","tag-krzywy-rog","tag-ktm-5","tag-ludzie","tag-ukraina"],"_links":{"self":[{"href":"http:\/\/wgphoto.pl\/t\/index.php?rest_route=\/wp\/v2\/posts\/5323","targetHints":{"allow":["GET"]}}],"collection":[{"href":"http:\/\/wgphoto.pl\/t\/index.php?rest_route=\/wp\/v2\/posts"}],"about":[{"href":"http:\/\/wgphoto.pl\/t\/index.php?rest_route=\/wp\/v2\/types\/post"}],"author":[{"embeddable":true,"href":"http:\/\/wgphoto.pl\/t\/index.php?rest_route=\/wp\/v2\/users\/1"}],"replies":[{"embeddable":true,"href":"http:\/\/wgphoto.pl\/t\/index.php?rest_route=%2Fwp%2Fv2%2Fcomments&post=5323"}],"version-history":[{"count":1,"href":"http:\/\/wgphoto.pl\/t\/index.php?rest_route=\/wp\/v2\/posts\/5323\/revisions"}],"predecessor-version":[{"id":5325,"href":"http:\/\/wgphoto.pl\/t\/index.php?rest_route=\/wp\/v2\/posts\/5323\/revisions\/5325"}],"wp:featuredmedia":[{"embeddable":true,"href":"http:\/\/wgphoto.pl\/t\/index.php?rest_route=\/wp\/v2\/media\/5324"}],"wp:attachment":[{"href":"http:\/\/wgphoto.pl\/t\/index.php?rest_route=%2Fwp%2Fv2%2Fmedia&parent=5323"}],"wp:term":[{"taxonomy":"category","embeddable":true,"href":"http:\/\/wgphoto.pl\/t\/index.php?rest_route=%2Fwp%2Fv2%2Fcategories&post=5323"},{"taxonomy":"post_tag","embeddable":true,"href":"http:\/\/wgphoto.pl\/t\/index.php?rest_route=%2Fwp%2Fv2%2Ftags&post=5323"}],"curies":[{"name":"wp","href":"https:\/\/api.w.org\/{rel}","templated":true}]}}