{"id":5386,"date":"2024-11-10T20:46:13","date_gmt":"2024-11-10T19:46:13","guid":{"rendered":"https:\/\/wgphoto.pl\/t\/?p=5386"},"modified":"2024-11-10T20:46:13","modified_gmt":"2024-11-10T19:46:13","slug":"ostatni-odjazd","status":"publish","type":"post","link":"http:\/\/wgphoto.pl\/t\/?p=5386","title":{"rendered":"Ostatni odjazd"},"content":{"rendered":"\n<figure class=\"wp-block-image aligncenter size-full\"><img loading=\"lazy\" decoding=\"async\" width=\"1300\" height=\"861\" src=\"https:\/\/wgphoto.pl\/t\/wp-content\/uploads\/2024\/11\/IMGP8529.jpg\" alt=\"\" class=\"wp-image-5387\" srcset=\"http:\/\/wgphoto.pl\/t\/wp-content\/uploads\/2024\/11\/IMGP8529.jpg 1300w, http:\/\/wgphoto.pl\/t\/wp-content\/uploads\/2024\/11\/IMGP8529-300x199.jpg 300w, http:\/\/wgphoto.pl\/t\/wp-content\/uploads\/2024\/11\/IMGP8529-768x509.jpg 768w\" sizes=\"auto, (max-width: 1300px) 100vw, 1300px\" \/><\/figure>\n\n\n\n<div class=\"wp-block-group has-global-padding is-layout-constrained wp-block-group-is-layout-constrained\">\n<p>Zestaw 460.027+028 jako &#8222;zamkni\u0119ciowy&#8221; rychl\u00edk 840 &#8222;Cvil\u00edn&#8221; do Opavy v\u00fdchod (nominalnie do Krnova, lecz na odcinku Opawa &#8211; Karni\u00f3w kursowa\u0142a ZKA) po raz ostatni odje\u017cd\u017ca ze stacji Ostrava st\u0159ed. Po nieco ponad godzinnym postoju w Opawie wr\u00f3ci ju\u017c tylko do Ostravy-Svinova jako R 853, ko\u0144cz\u0105c tym samym ponad 50-letni\u0105 s\u0142u\u017cb\u0119 jednostek serii 460 w ruchu planowym. [26.07.2024]<\/p>\n<\/div>\n","protected":false},"excerpt":{"rendered":"<p>Zestaw 460.027+028 jako &#8222;zamkni\u0119ciowy&#8221; rychl\u00edk 840 &#8222;Cvil\u00edn&#8221; do Opavy v\u00fdchod (nominalnie do Krnova, lecz na odcinku Opawa &#8211; Karni\u00f3w kursowa\u0142a ZKA) po raz ostatni odje\u017cd\u017ca ze stacji Ostrava st\u0159ed. Po nieco ponad godzinnym postoju w Opawie wr\u00f3ci ju\u017c tylko do Ostravy-Svinova jako R 853, ko\u0144cz\u0105c tym samym ponad 50-letni\u0105 s\u0142u\u017cb\u0119 jednostek serii 460 w ruchu [&hellip;]<\/p>\n","protected":false},"author":1,"featured_media":5387,"comment_status":"open","ping_status":"","sticky":false,"template":"","format":"standard","meta":{"footnotes":""},"categories":[2,5],"tags":[2080,1398,50,49,303,2081,897,2082],"class_list":["post-5386","post","type-post","status-publish","format-standard","has-post-thumbnail","hentry","category-kolej","category-2024r","tag-2024-07-26","tag-1398","tag-cd","tag-czechy","tag-industrial","tag-ostrava-stred","tag-ostrawa","tag-tab-cz321"],"_links":{"self":[{"href":"http:\/\/wgphoto.pl\/t\/index.php?rest_route=\/wp\/v2\/posts\/5386","targetHints":{"allow":["GET"]}}],"collection":[{"href":"http:\/\/wgphoto.pl\/t\/index.php?rest_route=\/wp\/v2\/posts"}],"about":[{"href":"http:\/\/wgphoto.pl\/t\/index.php?rest_route=\/wp\/v2\/types\/post"}],"author":[{"embeddable":true,"href":"http:\/\/wgphoto.pl\/t\/index.php?rest_route=\/wp\/v2\/users\/1"}],"replies":[{"embeddable":true,"href":"http:\/\/wgphoto.pl\/t\/index.php?rest_route=%2Fwp%2Fv2%2Fcomments&post=5386"}],"version-history":[{"count":1,"href":"http:\/\/wgphoto.pl\/t\/index.php?rest_route=\/wp\/v2\/posts\/5386\/revisions"}],"predecessor-version":[{"id":5388,"href":"http:\/\/wgphoto.pl\/t\/index.php?rest_route=\/wp\/v2\/posts\/5386\/revisions\/5388"}],"wp:featuredmedia":[{"embeddable":true,"href":"http:\/\/wgphoto.pl\/t\/index.php?rest_route=\/wp\/v2\/media\/5387"}],"wp:attachment":[{"href":"http:\/\/wgphoto.pl\/t\/index.php?rest_route=%2Fwp%2Fv2%2Fmedia&parent=5386"}],"wp:term":[{"taxonomy":"category","embeddable":true,"href":"http:\/\/wgphoto.pl\/t\/index.php?rest_route=%2Fwp%2Fv2%2Fcategories&post=5386"},{"taxonomy":"post_tag","embeddable":true,"href":"http:\/\/wgphoto.pl\/t\/index.php?rest_route=%2Fwp%2Fv2%2Ftags&post=5386"}],"curies":[{"name":"wp","href":"https:\/\/api.w.org\/{rel}","templated":true}]}}