{"id":5407,"date":"2024-11-10T20:55:59","date_gmt":"2024-11-10T19:55:59","guid":{"rendered":"https:\/\/wgphoto.pl\/t\/?p=5407"},"modified":"2024-11-10T20:55:59","modified_gmt":"2024-11-10T19:55:59","slug":"gt6b4-508553","status":"publish","type":"post","link":"http:\/\/wgphoto.pl\/t\/?p=5407","title":{"rendered":"GT6+B4 508+553"},"content":{"rendered":"\n<figure class=\"wp-block-image aligncenter size-full\"><img loading=\"lazy\" decoding=\"async\" width=\"1300\" height=\"836\" src=\"https:\/\/wgphoto.pl\/t\/wp-content\/uploads\/2024\/11\/2002r-26_rsn.jpg\" alt=\"\" class=\"wp-image-5408\" srcset=\"http:\/\/wgphoto.pl\/t\/wp-content\/uploads\/2024\/11\/2002r-26_rsn.jpg 1300w, http:\/\/wgphoto.pl\/t\/wp-content\/uploads\/2024\/11\/2002r-26_rsn-300x193.jpg 300w, http:\/\/wgphoto.pl\/t\/wp-content\/uploads\/2024\/11\/2002r-26_rsn-768x494.jpg 768w\" sizes=\"auto, (max-width: 1300px) 100vw, 1300px\" \/><\/figure>\n\n\n\n<div class=\"wp-block-group has-global-padding is-layout-constrained wp-block-group-is-layout-constrained\">\n<p>Szczecin, ul. Kolumba, obok dworca g\u0142\u00f3wnego. Sk\u0142ad GT6+B4 508+553 ju\u017c wtedy by\u0142 zm\u0119czony \u017cyciem, wagon silnikowy pos\u0142u\u017cy\u0142 jeszcze jednak przez 4 lata, za\u015b doczep\u0119 wycofano jeszcze w 2002 roku. [14.07.2002]<\/p>\n<\/div>\n","protected":false},"excerpt":{"rendered":"<p>Szczecin, ul. Kolumba, obok dworca g\u0142\u00f3wnego. Sk\u0142ad GT6+B4 508+553 ju\u017c wtedy by\u0142 zm\u0119czony \u017cyciem, wagon silnikowy pos\u0142u\u017cy\u0142 jeszcze jednak przez 4 lata, za\u015b doczep\u0119 wycofano jeszcze w 2002 roku. [14.07.2002]<\/p>\n","protected":false},"author":1,"featured_media":5408,"comment_status":"open","ping_status":"","sticky":false,"template":"","format":"standard","meta":{"footnotes":""},"categories":[62,577,3],"tags":[950,101,740,27,380,301],"class_list":["post-5407","post","type-post","status-publish","format-standard","has-post-thumbnail","hentry","category-analog","category-rok-2002","category-tramwaj","tag-2002-07-14","tag-gt6","tag-mzk-szczecin","tag-polska","tag-spod-dworca","tag-szczecin"],"_links":{"self":[{"href":"http:\/\/wgphoto.pl\/t\/index.php?rest_route=\/wp\/v2\/posts\/5407","targetHints":{"allow":["GET"]}}],"collection":[{"href":"http:\/\/wgphoto.pl\/t\/index.php?rest_route=\/wp\/v2\/posts"}],"about":[{"href":"http:\/\/wgphoto.pl\/t\/index.php?rest_route=\/wp\/v2\/types\/post"}],"author":[{"embeddable":true,"href":"http:\/\/wgphoto.pl\/t\/index.php?rest_route=\/wp\/v2\/users\/1"}],"replies":[{"embeddable":true,"href":"http:\/\/wgphoto.pl\/t\/index.php?rest_route=%2Fwp%2Fv2%2Fcomments&post=5407"}],"version-history":[{"count":1,"href":"http:\/\/wgphoto.pl\/t\/index.php?rest_route=\/wp\/v2\/posts\/5407\/revisions"}],"predecessor-version":[{"id":5409,"href":"http:\/\/wgphoto.pl\/t\/index.php?rest_route=\/wp\/v2\/posts\/5407\/revisions\/5409"}],"wp:featuredmedia":[{"embeddable":true,"href":"http:\/\/wgphoto.pl\/t\/index.php?rest_route=\/wp\/v2\/media\/5408"}],"wp:attachment":[{"href":"http:\/\/wgphoto.pl\/t\/index.php?rest_route=%2Fwp%2Fv2%2Fmedia&parent=5407"}],"wp:term":[{"taxonomy":"category","embeddable":true,"href":"http:\/\/wgphoto.pl\/t\/index.php?rest_route=%2Fwp%2Fv2%2Fcategories&post=5407"},{"taxonomy":"post_tag","embeddable":true,"href":"http:\/\/wgphoto.pl\/t\/index.php?rest_route=%2Fwp%2Fv2%2Ftags&post=5407"}],"curies":[{"name":"wp","href":"https:\/\/api.w.org\/{rel}","templated":true}]}}