{"id":5479,"date":"2024-11-10T21:23:11","date_gmt":"2024-11-10T20:23:11","guid":{"rendered":"https:\/\/wgphoto.pl\/t\/?p=5479"},"modified":"2024-11-10T21:23:11","modified_gmt":"2024-11-10T20:23:11","slug":"kolejowe-laki","status":"publish","type":"post","link":"http:\/\/wgphoto.pl\/t\/?p=5479","title":{"rendered":"Kolejowe \u0142\u0105ki"},"content":{"rendered":"\n<figure class=\"wp-block-image aligncenter size-full\"><img loading=\"lazy\" decoding=\"async\" width=\"1300\" height=\"812\" src=\"https:\/\/wgphoto.pl\/t\/wp-content\/uploads\/2024\/11\/0609-09.jpg\" alt=\"\" class=\"wp-image-5480\" srcset=\"http:\/\/wgphoto.pl\/t\/wp-content\/uploads\/2024\/11\/0609-09.jpg 1300w, http:\/\/wgphoto.pl\/t\/wp-content\/uploads\/2024\/11\/0609-09-300x187.jpg 300w, http:\/\/wgphoto.pl\/t\/wp-content\/uploads\/2024\/11\/0609-09-768x480.jpg 768w\" sizes=\"auto, (max-width: 1300px) 100vw, 1300px\" \/><\/figure>\n\n\n\n<div class=\"wp-block-group has-global-padding is-layout-constrained wp-block-group-is-layout-constrained\">\n<p>ST43-77 i 303 (wraz z lokomotyw\u0105 serii SM31 na popychu) z \u0142adown\u0105 &#8222;Hork\u0105&#8221; mijaj\u0105 Nowy \u015awi\u0119t\u00f3w. [27.05.2006]<\/p>\n<\/div>\n","protected":false},"excerpt":{"rendered":"<p>ST43-77 i 303 (wraz z lokomotyw\u0105 serii SM31 na popychu) z \u0142adown\u0105 &#8222;Hork\u0105&#8221; mijaj\u0105 Nowy \u015awi\u0119t\u00f3w. [27.05.2006]<\/p>\n","protected":false},"author":1,"featured_media":5480,"comment_status":"open","ping_status":"","sticky":false,"template":"","format":"standard","meta":{"footnotes":""},"categories":[62,2,130],"tags":[1543,313,320,63,27,64,319],"class_list":["post-5479","post","type-post","status-publish","format-standard","has-post-thumbnail","hentry","category-analog","category-kolej","category-rok-2006","tag-2006-05-27","tag-dyzurny","tag-nowy-swietow","tag-pkp","tag-polska","tag-st43","tag-tab-pl235"],"_links":{"self":[{"href":"http:\/\/wgphoto.pl\/t\/index.php?rest_route=\/wp\/v2\/posts\/5479","targetHints":{"allow":["GET"]}}],"collection":[{"href":"http:\/\/wgphoto.pl\/t\/index.php?rest_route=\/wp\/v2\/posts"}],"about":[{"href":"http:\/\/wgphoto.pl\/t\/index.php?rest_route=\/wp\/v2\/types\/post"}],"author":[{"embeddable":true,"href":"http:\/\/wgphoto.pl\/t\/index.php?rest_route=\/wp\/v2\/users\/1"}],"replies":[{"embeddable":true,"href":"http:\/\/wgphoto.pl\/t\/index.php?rest_route=%2Fwp%2Fv2%2Fcomments&post=5479"}],"version-history":[{"count":1,"href":"http:\/\/wgphoto.pl\/t\/index.php?rest_route=\/wp\/v2\/posts\/5479\/revisions"}],"predecessor-version":[{"id":5481,"href":"http:\/\/wgphoto.pl\/t\/index.php?rest_route=\/wp\/v2\/posts\/5479\/revisions\/5481"}],"wp:featuredmedia":[{"embeddable":true,"href":"http:\/\/wgphoto.pl\/t\/index.php?rest_route=\/wp\/v2\/media\/5480"}],"wp:attachment":[{"href":"http:\/\/wgphoto.pl\/t\/index.php?rest_route=%2Fwp%2Fv2%2Fmedia&parent=5479"}],"wp:term":[{"taxonomy":"category","embeddable":true,"href":"http:\/\/wgphoto.pl\/t\/index.php?rest_route=%2Fwp%2Fv2%2Fcategories&post=5479"},{"taxonomy":"post_tag","embeddable":true,"href":"http:\/\/wgphoto.pl\/t\/index.php?rest_route=%2Fwp%2Fv2%2Ftags&post=5479"}],"curies":[{"name":"wp","href":"https:\/\/api.w.org\/{rel}","templated":true}]}}