{"id":5515,"date":"2024-11-11T12:41:05","date_gmt":"2024-11-11T11:41:05","guid":{"rendered":"https:\/\/wgphoto.pl\/t\/?p=5515"},"modified":"2024-11-11T12:41:05","modified_gmt":"2024-11-11T11:41:05","slug":"757-015-3-diviaky","status":"publish","type":"post","link":"http:\/\/wgphoto.pl\/t\/?p=5515","title":{"rendered":"757.015-3, Diviaky"},"content":{"rendered":"\n<figure class=\"wp-block-image aligncenter size-full\"><img loading=\"lazy\" decoding=\"async\" width=\"1300\" height=\"861\" src=\"https:\/\/wgphoto.pl\/t\/wp-content\/uploads\/2024\/11\/IMGP4564.jpg\" alt=\"\" class=\"wp-image-5517\" srcset=\"http:\/\/wgphoto.pl\/t\/wp-content\/uploads\/2024\/11\/IMGP4564.jpg 1300w, http:\/\/wgphoto.pl\/t\/wp-content\/uploads\/2024\/11\/IMGP4564-300x199.jpg 300w, http:\/\/wgphoto.pl\/t\/wp-content\/uploads\/2024\/11\/IMGP4564-768x509.jpg 768w\" sizes=\"auto, (max-width: 1300px) 100vw, 1300px\" \/><\/figure>\n\n\n\n<div class=\"wp-block-group has-global-padding is-layout-constrained wp-block-group-is-layout-constrained\">\n<p>757.015-3 z poci\u0105giem osobowym 7525 relacji Vr\u00fatky &#8211; Horn\u00e1 \u0160tub\u0148a zostawia za sob\u0105 stacj\u0119 Diviaky za chwil\u0119 zatrzyma si\u0119 na przystanku Tur\u010dianske Teplice. To jeden ze sztandarowych motyw\u00f3w na tej trasie. [14.08.2019]<\/p>\n<\/div>\n","protected":false},"excerpt":{"rendered":"<p>757.015-3 z poci\u0105giem osobowym 7525 relacji Vr\u00fatky &#8211; Horn\u00e1 \u0160tub\u0148a zostawia za sob\u0105 stacj\u0119 Diviaky za chwil\u0119 zatrzyma si\u0119 na przystanku Tur\u010dianske Teplice. To jeden ze sztandarowych motyw\u00f3w na tej trasie. [14.08.2019]<\/p>\n","protected":false},"author":1,"featured_media":5517,"comment_status":"open","ping_status":"","sticky":false,"template":"","format":"standard","meta":{"footnotes":""},"categories":[2,136],"tags":[1908,2071,2137,114,118,1168,675,2138,469],"class_list":["post-5515","post","type-post","status-publish","format-standard","has-post-thumbnail","hentry","category-kolej","category-rok-2019","tag-2019-08-14","tag-2071","tag-diviaky","tag-gory","tag-plany-i-profile","tag-sierpniowka-2019","tag-slowacja","tag-turcianske-teplice","tag-zssk"],"_links":{"self":[{"href":"http:\/\/wgphoto.pl\/t\/index.php?rest_route=\/wp\/v2\/posts\/5515","targetHints":{"allow":["GET"]}}],"collection":[{"href":"http:\/\/wgphoto.pl\/t\/index.php?rest_route=\/wp\/v2\/posts"}],"about":[{"href":"http:\/\/wgphoto.pl\/t\/index.php?rest_route=\/wp\/v2\/types\/post"}],"author":[{"embeddable":true,"href":"http:\/\/wgphoto.pl\/t\/index.php?rest_route=\/wp\/v2\/users\/1"}],"replies":[{"embeddable":true,"href":"http:\/\/wgphoto.pl\/t\/index.php?rest_route=%2Fwp%2Fv2%2Fcomments&post=5515"}],"version-history":[{"count":1,"href":"http:\/\/wgphoto.pl\/t\/index.php?rest_route=\/wp\/v2\/posts\/5515\/revisions"}],"predecessor-version":[{"id":5518,"href":"http:\/\/wgphoto.pl\/t\/index.php?rest_route=\/wp\/v2\/posts\/5515\/revisions\/5518"}],"wp:featuredmedia":[{"embeddable":true,"href":"http:\/\/wgphoto.pl\/t\/index.php?rest_route=\/wp\/v2\/media\/5517"}],"wp:attachment":[{"href":"http:\/\/wgphoto.pl\/t\/index.php?rest_route=%2Fwp%2Fv2%2Fmedia&parent=5515"}],"wp:term":[{"taxonomy":"category","embeddable":true,"href":"http:\/\/wgphoto.pl\/t\/index.php?rest_route=%2Fwp%2Fv2%2Fcategories&post=5515"},{"taxonomy":"post_tag","embeddable":true,"href":"http:\/\/wgphoto.pl\/t\/index.php?rest_route=%2Fwp%2Fv2%2Ftags&post=5515"}],"curies":[{"name":"wp","href":"https:\/\/api.w.org\/{rel}","templated":true}]}}