{"id":5522,"date":"2024-11-11T12:43:23","date_gmt":"2024-11-11T11:43:23","guid":{"rendered":"https:\/\/wgphoto.pl\/t\/?p=5522"},"modified":"2024-11-11T12:43:23","modified_gmt":"2024-11-11T11:43:23","slug":"prototyp-wiosny","status":"publish","type":"post","link":"http:\/\/wgphoto.pl\/t\/?p=5522","title":{"rendered":"Prototyp wiosny"},"content":{"rendered":"\n<figure class=\"wp-block-image aligncenter size-full\"><img loading=\"lazy\" decoding=\"async\" width=\"1300\" height=\"861\" src=\"https:\/\/wgphoto.pl\/t\/wp-content\/uploads\/2024\/11\/IMGP8840-1.jpg\" alt=\"\" class=\"wp-image-5523\" srcset=\"http:\/\/wgphoto.pl\/t\/wp-content\/uploads\/2024\/11\/IMGP8840-1.jpg 1300w, http:\/\/wgphoto.pl\/t\/wp-content\/uploads\/2024\/11\/IMGP8840-1-300x199.jpg 300w, http:\/\/wgphoto.pl\/t\/wp-content\/uploads\/2024\/11\/IMGP8840-1-768x509.jpg 768w\" sizes=\"auto, (max-width: 1300px) 100vw, 1300px\" \/><\/figure>\n\n\n\n<div class=\"wp-block-group has-global-padding is-layout-constrained wp-block-group-is-layout-constrained\">\n<p>Fryburg Bryzgowijski, odcinek mi\u0119dzy przystankami <em>Runzmattenweg<\/em> i <em>Rathaus im St\u00fchlinger<\/em>. Duewag GT8Z 247 (rok prod. 1993) jest przedstawicielem pierwszej serii miejscowych niskaczy, prezentuj\u0105cych si\u0119 jeszcze nieco staro\u015bwiecko, lecz oferuj\u0105cych ju\u017c oko\u0142o 70% niskiej pod\u0142ogi. Pocz\u0105tki ery niskopod\u0142ogowej dobrze koresponduj\u0105 z ch\u0142odnymi i deszczowymi pocz\u0105tkami wiosny. [28.03.2018]<\/p>\n<\/div>\n","protected":false},"excerpt":{"rendered":"<p>Fryburg Bryzgowijski, odcinek mi\u0119dzy przystankami Runzmattenweg i Rathaus im St\u00fchlinger. Duewag GT8Z 247 (rok prod. 1993) jest przedstawicielem pierwszej serii miejscowych niskaczy, prezentuj\u0105cych si\u0119 jeszcze nieco staro\u015bwiecko, lecz oferuj\u0105cych ju\u017c oko\u0142o 70% niskiej pod\u0142ogi. Pocz\u0105tki ery niskopod\u0142ogowej dobrze koresponduj\u0105 z ch\u0142odnymi i deszczowymi pocz\u0105tkami wiosny. [28.03.2018]<\/p>\n","protected":false},"author":1,"featured_media":5523,"comment_status":"open","ping_status":"","sticky":false,"template":"","format":"standard","meta":{"footnotes":""},"categories":[156,3],"tags":[1159,1157,2140,23,183,1158],"class_list":["post-5522","post","type-post","status-publish","format-standard","has-post-thumbnail","hentry","category-rok-2018","category-tramwaj","tag-2018-03-28","tag-fryburg-bryzgowijski","tag-gt8z","tag-niemcy","tag-suissetrip-2018","tag-vag-freiburg-im-breisgau"],"_links":{"self":[{"href":"http:\/\/wgphoto.pl\/t\/index.php?rest_route=\/wp\/v2\/posts\/5522","targetHints":{"allow":["GET"]}}],"collection":[{"href":"http:\/\/wgphoto.pl\/t\/index.php?rest_route=\/wp\/v2\/posts"}],"about":[{"href":"http:\/\/wgphoto.pl\/t\/index.php?rest_route=\/wp\/v2\/types\/post"}],"author":[{"embeddable":true,"href":"http:\/\/wgphoto.pl\/t\/index.php?rest_route=\/wp\/v2\/users\/1"}],"replies":[{"embeddable":true,"href":"http:\/\/wgphoto.pl\/t\/index.php?rest_route=%2Fwp%2Fv2%2Fcomments&post=5522"}],"version-history":[{"count":1,"href":"http:\/\/wgphoto.pl\/t\/index.php?rest_route=\/wp\/v2\/posts\/5522\/revisions"}],"predecessor-version":[{"id":5524,"href":"http:\/\/wgphoto.pl\/t\/index.php?rest_route=\/wp\/v2\/posts\/5522\/revisions\/5524"}],"wp:featuredmedia":[{"embeddable":true,"href":"http:\/\/wgphoto.pl\/t\/index.php?rest_route=\/wp\/v2\/media\/5523"}],"wp:attachment":[{"href":"http:\/\/wgphoto.pl\/t\/index.php?rest_route=%2Fwp%2Fv2%2Fmedia&parent=5522"}],"wp:term":[{"taxonomy":"category","embeddable":true,"href":"http:\/\/wgphoto.pl\/t\/index.php?rest_route=%2Fwp%2Fv2%2Fcategories&post=5522"},{"taxonomy":"post_tag","embeddable":true,"href":"http:\/\/wgphoto.pl\/t\/index.php?rest_route=%2Fwp%2Fv2%2Ftags&post=5522"}],"curies":[{"name":"wp","href":"https:\/\/api.w.org\/{rel}","templated":true}]}}