{"id":5532,"date":"2024-11-11T12:47:28","date_gmt":"2024-11-11T11:47:28","guid":{"rendered":"https:\/\/wgphoto.pl\/t\/?p=5532"},"modified":"2024-11-11T12:47:28","modified_gmt":"2024-11-11T11:47:28","slug":"wystawa-taboru-w-banskiej-bystrzycy","status":"publish","type":"post","link":"http:\/\/wgphoto.pl\/t\/?p=5532","title":{"rendered":"Wystawa taboru w Ba\u0144skiej Bystrzycy"},"content":{"rendered":"\n<figure class=\"wp-block-image aligncenter size-full\"><img loading=\"lazy\" decoding=\"async\" width=\"1300\" height=\"813\" src=\"https:\/\/wgphoto.pl\/t\/wp-content\/uploads\/2024\/11\/IMGP4513.jpg\" alt=\"\" class=\"wp-image-5533\" srcset=\"http:\/\/wgphoto.pl\/t\/wp-content\/uploads\/2024\/11\/IMGP4513.jpg 1300w, http:\/\/wgphoto.pl\/t\/wp-content\/uploads\/2024\/11\/IMGP4513-300x188.jpg 300w, http:\/\/wgphoto.pl\/t\/wp-content\/uploads\/2024\/11\/IMGP4513-768x480.jpg 768w\" sizes=\"auto, (max-width: 1300px) 100vw, 1300px\" \/><\/figure>\n\n\n\n<div class=\"wp-block-group has-global-padding is-layout-constrained wp-block-group-is-layout-constrained\">\n<p>W\u0142a\u015bnie przesta\u0142o la\u0107, a nurek 754.010-7 sko\u0144czy\u0142 bieg z mi\u0119dzynarodowym poci\u0105giem pospiesznym 341 &#8222;Fatra&#8221; z Ostrawy. Obok stoi maszyna serii 362 z pospiesznym 836 &#8222;Tekov&#8221; do Bratys\u0142awy oraz 754.004-0 z poci\u0105giem osobowym do Zwolenia. [14.08.2019]<\/p>\n<\/div>\n","protected":false},"excerpt":{"rendered":"<p>W\u0142a\u015bnie przesta\u0142o la\u0107, a nurek 754.010-7 sko\u0144czy\u0142 bieg z mi\u0119dzynarodowym poci\u0105giem pospiesznym 341 &#8222;Fatra&#8221; z Ostrawy. Obok stoi maszyna serii 362 z pospiesznym 836 &#8222;Tekov&#8221; do Bratys\u0142awy oraz 754.004-0 z poci\u0105giem osobowym do Zwolenia. [14.08.2019]<\/p>\n","protected":false},"author":1,"featured_media":5533,"comment_status":"open","ping_status":"","sticky":false,"template":"","format":"standard","meta":{"footnotes":""},"categories":[2,136],"tags":[1908,1362,335,2144,13,1168,675,469],"class_list":["post-5532","post","type-post","status-publish","format-standard","has-post-thumbnail","hentry","category-kolej","category-rok-2019","tag-2019-08-14","tag-1362","tag-335","tag-banska-bystrica","tag-deszcz","tag-sierpniowka-2019","tag-slowacja","tag-zssk"],"_links":{"self":[{"href":"http:\/\/wgphoto.pl\/t\/index.php?rest_route=\/wp\/v2\/posts\/5532","targetHints":{"allow":["GET"]}}],"collection":[{"href":"http:\/\/wgphoto.pl\/t\/index.php?rest_route=\/wp\/v2\/posts"}],"about":[{"href":"http:\/\/wgphoto.pl\/t\/index.php?rest_route=\/wp\/v2\/types\/post"}],"author":[{"embeddable":true,"href":"http:\/\/wgphoto.pl\/t\/index.php?rest_route=\/wp\/v2\/users\/1"}],"replies":[{"embeddable":true,"href":"http:\/\/wgphoto.pl\/t\/index.php?rest_route=%2Fwp%2Fv2%2Fcomments&post=5532"}],"version-history":[{"count":1,"href":"http:\/\/wgphoto.pl\/t\/index.php?rest_route=\/wp\/v2\/posts\/5532\/revisions"}],"predecessor-version":[{"id":5534,"href":"http:\/\/wgphoto.pl\/t\/index.php?rest_route=\/wp\/v2\/posts\/5532\/revisions\/5534"}],"wp:featuredmedia":[{"embeddable":true,"href":"http:\/\/wgphoto.pl\/t\/index.php?rest_route=\/wp\/v2\/media\/5533"}],"wp:attachment":[{"href":"http:\/\/wgphoto.pl\/t\/index.php?rest_route=%2Fwp%2Fv2%2Fmedia&parent=5532"}],"wp:term":[{"taxonomy":"category","embeddable":true,"href":"http:\/\/wgphoto.pl\/t\/index.php?rest_route=%2Fwp%2Fv2%2Fcategories&post=5532"},{"taxonomy":"post_tag","embeddable":true,"href":"http:\/\/wgphoto.pl\/t\/index.php?rest_route=%2Fwp%2Fv2%2Ftags&post=5532"}],"curies":[{"name":"wp","href":"https:\/\/api.w.org\/{rel}","templated":true}]}}