{"id":5535,"date":"2024-11-11T12:49:49","date_gmt":"2024-11-11T11:49:49","guid":{"rendered":"https:\/\/wgphoto.pl\/t\/?p=5535"},"modified":"2024-11-11T12:49:49","modified_gmt":"2024-11-11T11:49:49","slug":"363-109-0-prerov","status":"publish","type":"post","link":"http:\/\/wgphoto.pl\/t\/?p=5535","title":{"rendered":"363.109-0, P\u0159erov"},"content":{"rendered":"\n<figure class=\"wp-block-image aligncenter size-full\"><img loading=\"lazy\" decoding=\"async\" width=\"1300\" height=\"862\" src=\"https:\/\/wgphoto.pl\/t\/wp-content\/uploads\/2024\/11\/0730-35.jpg\" alt=\"\" class=\"wp-image-5537\" srcset=\"http:\/\/wgphoto.pl\/t\/wp-content\/uploads\/2024\/11\/0730-35.jpg 1300w, http:\/\/wgphoto.pl\/t\/wp-content\/uploads\/2024\/11\/0730-35-300x199.jpg 300w, http:\/\/wgphoto.pl\/t\/wp-content\/uploads\/2024\/11\/0730-35-768x509.jpg 768w\" sizes=\"auto, (max-width: 1300px) 100vw, 1300px\" \/><\/figure>\n\n\n\n<div class=\"wp-block-group has-global-padding is-layout-constrained wp-block-group-is-layout-constrained\">\n<p>Eso 363.109-0 z poci\u0105giem pospiesznym 740 relacji Bohum\u00edn &#8211; Brno hl.n. zatrzymuje si\u0119 na stacji w P\u0159erovie. [13.09.2007]<\/p>\n<\/div>\n","protected":false},"excerpt":{"rendered":"<p>Eso 363.109-0 z poci\u0105giem pospiesznym 740 relacji Bohum\u00edn &#8211; Brno hl.n. zatrzymuje si\u0119 na stacji w P\u0159erovie. [13.09.2007]<\/p>\n","protected":false},"author":1,"featured_media":5537,"comment_status":"open","ping_status":"","sticky":false,"template":"","format":"standard","meta":{"footnotes":""},"categories":[62,2,96],"tags":[2145,51,50,49,2147,24,2146,981],"class_list":["post-5535","post","type-post","status-publish","format-standard","has-post-thumbnail","hentry","category-analog","category-kolej","category-rok-2007","tag-2007-09-13","tag-51","tag-cd","tag-czechy","tag-czechy-po-raz-pierwszy","tag-perony","tag-prerov","tag-tab-cz270"],"_links":{"self":[{"href":"http:\/\/wgphoto.pl\/t\/index.php?rest_route=\/wp\/v2\/posts\/5535","targetHints":{"allow":["GET"]}}],"collection":[{"href":"http:\/\/wgphoto.pl\/t\/index.php?rest_route=\/wp\/v2\/posts"}],"about":[{"href":"http:\/\/wgphoto.pl\/t\/index.php?rest_route=\/wp\/v2\/types\/post"}],"author":[{"embeddable":true,"href":"http:\/\/wgphoto.pl\/t\/index.php?rest_route=\/wp\/v2\/users\/1"}],"replies":[{"embeddable":true,"href":"http:\/\/wgphoto.pl\/t\/index.php?rest_route=%2Fwp%2Fv2%2Fcomments&post=5535"}],"version-history":[{"count":1,"href":"http:\/\/wgphoto.pl\/t\/index.php?rest_route=\/wp\/v2\/posts\/5535\/revisions"}],"predecessor-version":[{"id":5538,"href":"http:\/\/wgphoto.pl\/t\/index.php?rest_route=\/wp\/v2\/posts\/5535\/revisions\/5538"}],"wp:featuredmedia":[{"embeddable":true,"href":"http:\/\/wgphoto.pl\/t\/index.php?rest_route=\/wp\/v2\/media\/5537"}],"wp:attachment":[{"href":"http:\/\/wgphoto.pl\/t\/index.php?rest_route=%2Fwp%2Fv2%2Fmedia&parent=5535"}],"wp:term":[{"taxonomy":"category","embeddable":true,"href":"http:\/\/wgphoto.pl\/t\/index.php?rest_route=%2Fwp%2Fv2%2Fcategories&post=5535"},{"taxonomy":"post_tag","embeddable":true,"href":"http:\/\/wgphoto.pl\/t\/index.php?rest_route=%2Fwp%2Fv2%2Ftags&post=5535"}],"curies":[{"name":"wp","href":"https:\/\/api.w.org\/{rel}","templated":true}]}}