{"id":5545,"date":"2024-11-11T12:55:11","date_gmt":"2024-11-11T11:55:11","guid":{"rendered":"https:\/\/wgphoto.pl\/t\/?p=5545"},"modified":"2025-09-13T12:17:43","modified_gmt":"2025-09-13T10:17:43","slug":"co-za-rozowo-to-niezdrowo","status":"publish","type":"post","link":"http:\/\/wgphoto.pl\/t\/?p=5545","title":{"rendered":"Co za r\u00f3\u017cowo, to niezdrowo"},"content":{"rendered":"\n<figure class=\"wp-block-image aligncenter size-full\"><img loading=\"lazy\" decoding=\"async\" width=\"1400\" height=\"875\" src=\"https:\/\/wgphoto.pl\/t\/wp-content\/uploads\/2024\/11\/0730-13-1.jpg\" alt=\"\" class=\"wp-image-21899\" srcset=\"http:\/\/wgphoto.pl\/t\/wp-content\/uploads\/2024\/11\/0730-13-1.jpg 1400w, http:\/\/wgphoto.pl\/t\/wp-content\/uploads\/2024\/11\/0730-13-1-300x188.jpg 300w, http:\/\/wgphoto.pl\/t\/wp-content\/uploads\/2024\/11\/0730-13-1-768x480.jpg 768w\" sizes=\"auto, (max-width: 1400px) 100vw, 1400px\" \/><\/figure>\n\n\n\n<div class=\"wp-block-group has-global-padding is-layout-constrained wp-block-group-is-layout-constrained\">\n<p>O\u0142omuniec, Brn\u011bnsk\u00e1 ul., sk\u0142ad T3R.P 182+183 jedzie jedyn\u0105 w mie\u015bcie szerok\u0105 arteri\u0105 z tramwajem po\u015brodku i przej\u015bciami podziemnymi do przystank\u00f3w. [13.09.2007]<\/p>\n<\/div>\n","protected":false},"excerpt":{"rendered":"<p>O\u0142omuniec, Brn\u011bnsk\u00e1 ul., sk\u0142ad T3R.P 182+183 jedzie jedyn\u0105 w mie\u015bcie szerok\u0105 arteri\u0105 z tramwajem po\u015brodku i przej\u015bciami podziemnymi do przystank\u00f3w. [13.09.2007]<\/p>\n","protected":false},"author":1,"featured_media":21899,"comment_status":"open","ping_status":"","sticky":false,"template":"","format":"standard","meta":{"footnotes":""},"categories":[62,96,3],"tags":[2145,49,2147,1013,1012,1011],"class_list":["post-5545","post","type-post","status-publish","format-standard","has-post-thumbnail","hentry","category-analog","category-rok-2007","category-tramwaj","tag-2007-09-13","tag-czechy","tag-czechy-po-raz-pierwszy","tag-dpmo-olomouc","tag-olomuniec","tag-tatra-t3"],"_links":{"self":[{"href":"http:\/\/wgphoto.pl\/t\/index.php?rest_route=\/wp\/v2\/posts\/5545","targetHints":{"allow":["GET"]}}],"collection":[{"href":"http:\/\/wgphoto.pl\/t\/index.php?rest_route=\/wp\/v2\/posts"}],"about":[{"href":"http:\/\/wgphoto.pl\/t\/index.php?rest_route=\/wp\/v2\/types\/post"}],"author":[{"embeddable":true,"href":"http:\/\/wgphoto.pl\/t\/index.php?rest_route=\/wp\/v2\/users\/1"}],"replies":[{"embeddable":true,"href":"http:\/\/wgphoto.pl\/t\/index.php?rest_route=%2Fwp%2Fv2%2Fcomments&post=5545"}],"version-history":[{"count":2,"href":"http:\/\/wgphoto.pl\/t\/index.php?rest_route=\/wp\/v2\/posts\/5545\/revisions"}],"predecessor-version":[{"id":21900,"href":"http:\/\/wgphoto.pl\/t\/index.php?rest_route=\/wp\/v2\/posts\/5545\/revisions\/21900"}],"wp:featuredmedia":[{"embeddable":true,"href":"http:\/\/wgphoto.pl\/t\/index.php?rest_route=\/wp\/v2\/media\/21899"}],"wp:attachment":[{"href":"http:\/\/wgphoto.pl\/t\/index.php?rest_route=%2Fwp%2Fv2%2Fmedia&parent=5545"}],"wp:term":[{"taxonomy":"category","embeddable":true,"href":"http:\/\/wgphoto.pl\/t\/index.php?rest_route=%2Fwp%2Fv2%2Fcategories&post=5545"},{"taxonomy":"post_tag","embeddable":true,"href":"http:\/\/wgphoto.pl\/t\/index.php?rest_route=%2Fwp%2Fv2%2Ftags&post=5545"}],"curies":[{"name":"wp","href":"https:\/\/api.w.org\/{rel}","templated":true}]}}