{"id":5548,"date":"2024-11-11T12:56:11","date_gmt":"2024-11-11T11:56:11","guid":{"rendered":"https:\/\/wgphoto.pl\/t\/?p=5548"},"modified":"2024-11-11T12:56:11","modified_gmt":"2024-11-11T11:56:11","slug":"prawdziwy-olomuniec-wyglada-tak","status":"publish","type":"post","link":"http:\/\/wgphoto.pl\/t\/?p=5548","title":{"rendered":"Prawdziwy O\u0142omuniec wygl\u0105da tak"},"content":{"rendered":"\n<figure class=\"wp-block-image aligncenter size-full\"><img loading=\"lazy\" decoding=\"async\" width=\"1300\" height=\"862\" src=\"https:\/\/wgphoto.pl\/t\/wp-content\/uploads\/2024\/11\/0730-29.jpg\" alt=\"\" class=\"wp-image-5549\" srcset=\"http:\/\/wgphoto.pl\/t\/wp-content\/uploads\/2024\/11\/0730-29.jpg 1300w, http:\/\/wgphoto.pl\/t\/wp-content\/uploads\/2024\/11\/0730-29-300x199.jpg 300w, http:\/\/wgphoto.pl\/t\/wp-content\/uploads\/2024\/11\/0730-29-768x509.jpg 768w\" sizes=\"auto, (max-width: 1300px) 100vw, 1300px\" \/><\/figure>\n\n\n\n<div class=\"wp-block-group has-global-padding is-layout-constrained wp-block-group-is-layout-constrained\">\n<p>W nawi\u0105zaniu do poprzedniego &#8211; prawdziwe oblicze miasta jest jednak o wiele lepsze. Zestaw T3R.P 170+169 zatrzyma\u0142 si\u0119 na n\u00e1m\u011bst\u00ed Republiky w O\u0142omu\u0144cu. [13.09.2007]<\/p>\n<\/div>\n","protected":false},"excerpt":{"rendered":"<p>W nawi\u0105zaniu do poprzedniego &#8211; prawdziwe oblicze miasta jest jednak o wiele lepsze. Zestaw T3R.P 170+169 zatrzyma\u0142 si\u0119 na n\u00e1m\u011bst\u00ed Republiky w O\u0142omu\u0144cu. [13.09.2007]<\/p>\n","protected":false},"author":1,"featured_media":5549,"comment_status":"open","ping_status":"","sticky":false,"template":"","format":"standard","meta":{"footnotes":""},"categories":[62,96,3],"tags":[2145,34,49,2147,1013,1012,1011],"class_list":["post-5548","post","type-post","status-publish","format-standard","has-post-thumbnail","hentry","category-analog","category-rok-2007","category-tramwaj","tag-2007-09-13","tag-architektura","tag-czechy","tag-czechy-po-raz-pierwszy","tag-dpmo-olomouc","tag-olomuniec","tag-tatra-t3"],"_links":{"self":[{"href":"http:\/\/wgphoto.pl\/t\/index.php?rest_route=\/wp\/v2\/posts\/5548","targetHints":{"allow":["GET"]}}],"collection":[{"href":"http:\/\/wgphoto.pl\/t\/index.php?rest_route=\/wp\/v2\/posts"}],"about":[{"href":"http:\/\/wgphoto.pl\/t\/index.php?rest_route=\/wp\/v2\/types\/post"}],"author":[{"embeddable":true,"href":"http:\/\/wgphoto.pl\/t\/index.php?rest_route=\/wp\/v2\/users\/1"}],"replies":[{"embeddable":true,"href":"http:\/\/wgphoto.pl\/t\/index.php?rest_route=%2Fwp%2Fv2%2Fcomments&post=5548"}],"version-history":[{"count":1,"href":"http:\/\/wgphoto.pl\/t\/index.php?rest_route=\/wp\/v2\/posts\/5548\/revisions"}],"predecessor-version":[{"id":5550,"href":"http:\/\/wgphoto.pl\/t\/index.php?rest_route=\/wp\/v2\/posts\/5548\/revisions\/5550"}],"wp:featuredmedia":[{"embeddable":true,"href":"http:\/\/wgphoto.pl\/t\/index.php?rest_route=\/wp\/v2\/media\/5549"}],"wp:attachment":[{"href":"http:\/\/wgphoto.pl\/t\/index.php?rest_route=%2Fwp%2Fv2%2Fmedia&parent=5548"}],"wp:term":[{"taxonomy":"category","embeddable":true,"href":"http:\/\/wgphoto.pl\/t\/index.php?rest_route=%2Fwp%2Fv2%2Fcategories&post=5548"},{"taxonomy":"post_tag","embeddable":true,"href":"http:\/\/wgphoto.pl\/t\/index.php?rest_route=%2Fwp%2Fv2%2Ftags&post=5548"}],"curies":[{"name":"wp","href":"https:\/\/api.w.org\/{rel}","templated":true}]}}