{"id":558,"date":"2024-09-29T21:45:43","date_gmt":"2024-09-29T19:45:43","guid":{"rendered":"https:\/\/wgphoto.pl\/t\/?p=558"},"modified":"2024-09-29T21:45:43","modified_gmt":"2024-09-29T19:45:43","slug":"montana-de-taco","status":"publish","type":"post","link":"http:\/\/wgphoto.pl\/t\/?p=558","title":{"rendered":"Monta\u00f1a de Taco"},"content":{"rendered":"\n<figure class=\"wp-block-image aligncenter size-full\"><img loading=\"lazy\" decoding=\"async\" width=\"750\" height=\"1000\" src=\"https:\/\/wgphoto.pl\/t\/wp-content\/uploads\/IMGP0640.jpg\" alt=\"\" class=\"wp-image-559\" srcset=\"http:\/\/wgphoto.pl\/t\/wp-content\/uploads\/IMGP0640.jpg 750w, http:\/\/wgphoto.pl\/t\/wp-content\/uploads\/IMGP0640-225x300.jpg 225w\" sizes=\"auto, (max-width: 750px) 100vw, 750px\" \/><\/figure>\n\n\n\n<div class=\"wp-block-group has-global-padding is-layout-constrained wp-block-group-is-layout-constrained\">\n<p>San Crist\u00f3bal de La Laguna, Calle San Jos\u00e9 Obrero. Tramwaj min\u0105\u0142 wulkaniczn\u0105 g\u00f3r\u0119 o nazwie jak w tytule, kt\u00f3ra obecnie s\u0142u\u017cy jako kamienio\u0142om. 06.11.2013<\/p>\n<\/div>\n","protected":false},"excerpt":{"rendered":"<p>San Crist\u00f3bal de La Laguna, Calle San Jos\u00e9 Obrero. Tramwaj min\u0105\u0142 wulkaniczn\u0105 g\u00f3r\u0119 o nazwie jak w tytule, kt\u00f3ra obecnie s\u0142u\u017cy jako kamienio\u0142om. 06.11.2013<\/p>\n","protected":false},"author":1,"featured_media":559,"comment_status":"open","ping_status":"","sticky":false,"template":"","format":"standard","meta":{"footnotes":""},"categories":[55,3],"tags":[174,170,114,159,171,32,172,244],"class_list":["post-558","post","type-post","status-publish","format-standard","has-post-thumbnail","hentry","category-rok-2013","category-tramwaj","tag-2013-11-06","tag-alstom-citadis302","tag-gory","tag-hiszpania","tag-metropolitano-de-tenerife","tag-pionowe","tag-santa-cruz-de-tenerife","tag-skaly"],"_links":{"self":[{"href":"http:\/\/wgphoto.pl\/t\/index.php?rest_route=\/wp\/v2\/posts\/558","targetHints":{"allow":["GET"]}}],"collection":[{"href":"http:\/\/wgphoto.pl\/t\/index.php?rest_route=\/wp\/v2\/posts"}],"about":[{"href":"http:\/\/wgphoto.pl\/t\/index.php?rest_route=\/wp\/v2\/types\/post"}],"author":[{"embeddable":true,"href":"http:\/\/wgphoto.pl\/t\/index.php?rest_route=\/wp\/v2\/users\/1"}],"replies":[{"embeddable":true,"href":"http:\/\/wgphoto.pl\/t\/index.php?rest_route=%2Fwp%2Fv2%2Fcomments&post=558"}],"version-history":[{"count":1,"href":"http:\/\/wgphoto.pl\/t\/index.php?rest_route=\/wp\/v2\/posts\/558\/revisions"}],"predecessor-version":[{"id":560,"href":"http:\/\/wgphoto.pl\/t\/index.php?rest_route=\/wp\/v2\/posts\/558\/revisions\/560"}],"wp:featuredmedia":[{"embeddable":true,"href":"http:\/\/wgphoto.pl\/t\/index.php?rest_route=\/wp\/v2\/media\/559"}],"wp:attachment":[{"href":"http:\/\/wgphoto.pl\/t\/index.php?rest_route=%2Fwp%2Fv2%2Fmedia&parent=558"}],"wp:term":[{"taxonomy":"category","embeddable":true,"href":"http:\/\/wgphoto.pl\/t\/index.php?rest_route=%2Fwp%2Fv2%2Fcategories&post=558"},{"taxonomy":"post_tag","embeddable":true,"href":"http:\/\/wgphoto.pl\/t\/index.php?rest_route=%2Fwp%2Fv2%2Ftags&post=558"}],"curies":[{"name":"wp","href":"https:\/\/api.w.org\/{rel}","templated":true}]}}