{"id":5584,"date":"2024-11-11T13:11:14","date_gmt":"2024-11-11T12:11:14","guid":{"rendered":"https:\/\/wgphoto.pl\/t\/?p=5584"},"modified":"2024-11-11T13:11:14","modified_gmt":"2024-11-11T12:11:14","slug":"viadukt-na-vode","status":"publish","type":"post","link":"http:\/\/wgphoto.pl\/t\/?p=5584","title":{"rendered":"Viadukt Na Vode"},"content":{"rendered":"\n<figure class=\"wp-block-image aligncenter size-full\"><img loading=\"lazy\" decoding=\"async\" width=\"1300\" height=\"861\" src=\"https:\/\/wgphoto.pl\/t\/wp-content\/uploads\/2024\/11\/IMGP7283.jpg\" alt=\"\" class=\"wp-image-5585\" srcset=\"http:\/\/wgphoto.pl\/t\/wp-content\/uploads\/2024\/11\/IMGP7283.jpg 1300w, http:\/\/wgphoto.pl\/t\/wp-content\/uploads\/2024\/11\/IMGP7283-300x199.jpg 300w, http:\/\/wgphoto.pl\/t\/wp-content\/uploads\/2024\/11\/IMGP7283-768x509.jpg 768w\" sizes=\"auto, (max-width: 1300px) 100vw, 1300px\" \/><\/figure>\n\n\n\n<div class=\"wp-block-group has-global-padding is-layout-constrained wp-block-group-is-layout-constrained\">\n<p>754.033-9 z poci\u0105giem R 945 &#8222;Fatran&#8221; relacji Vr\u00fatky &#8211; Bansk\u00e1 Bystrica przed chwil\u0105 odjecha\u0142 z przystanku Horn\u00e1 \u0160tub\u0148a obec, mija tytu\u0142owy wiadukt (a raczej most) i zaraz zacznie si\u0119 przebija\u0107 przez g\u00f3ry Wielkiej Fatry. [02.05.2022]<\/p>\n<\/div>\n","protected":false},"excerpt":{"rendered":"<p>754.033-9 z poci\u0105giem R 945 &#8222;Fatran&#8221; relacji Vr\u00fatky &#8211; Bansk\u00e1 Bystrica przed chwil\u0105 odjecha\u0142 z przystanku Horn\u00e1 \u0160tub\u0148a obec, mija tytu\u0142owy wiadukt (a raczej most) i zaraz zacznie si\u0119 przebija\u0107 przez g\u00f3ry Wielkiej Fatry. [02.05.2022]<\/p>\n","protected":false},"author":1,"featured_media":5585,"comment_status":"open","ping_status":"","sticky":false,"template":"","format":"standard","meta":{"footnotes":""},"categories":[2,669],"tags":[2154,335,114,2157,113,674,45,675,469],"class_list":["post-5584","post","type-post","status-publish","format-standard","has-post-thumbnail","hentry","category-kolej","category-rok-2022","tag-2022-05-02","tag-335","tag-gory","tag-horna-stubna-obec","tag-landszaft","tag-majowka-2022-hej","tag-most","tag-slowacja","tag-zssk"],"_links":{"self":[{"href":"http:\/\/wgphoto.pl\/t\/index.php?rest_route=\/wp\/v2\/posts\/5584","targetHints":{"allow":["GET"]}}],"collection":[{"href":"http:\/\/wgphoto.pl\/t\/index.php?rest_route=\/wp\/v2\/posts"}],"about":[{"href":"http:\/\/wgphoto.pl\/t\/index.php?rest_route=\/wp\/v2\/types\/post"}],"author":[{"embeddable":true,"href":"http:\/\/wgphoto.pl\/t\/index.php?rest_route=\/wp\/v2\/users\/1"}],"replies":[{"embeddable":true,"href":"http:\/\/wgphoto.pl\/t\/index.php?rest_route=%2Fwp%2Fv2%2Fcomments&post=5584"}],"version-history":[{"count":1,"href":"http:\/\/wgphoto.pl\/t\/index.php?rest_route=\/wp\/v2\/posts\/5584\/revisions"}],"predecessor-version":[{"id":5586,"href":"http:\/\/wgphoto.pl\/t\/index.php?rest_route=\/wp\/v2\/posts\/5584\/revisions\/5586"}],"wp:featuredmedia":[{"embeddable":true,"href":"http:\/\/wgphoto.pl\/t\/index.php?rest_route=\/wp\/v2\/media\/5585"}],"wp:attachment":[{"href":"http:\/\/wgphoto.pl\/t\/index.php?rest_route=%2Fwp%2Fv2%2Fmedia&parent=5584"}],"wp:term":[{"taxonomy":"category","embeddable":true,"href":"http:\/\/wgphoto.pl\/t\/index.php?rest_route=%2Fwp%2Fv2%2Fcategories&post=5584"},{"taxonomy":"post_tag","embeddable":true,"href":"http:\/\/wgphoto.pl\/t\/index.php?rest_route=%2Fwp%2Fv2%2Ftags&post=5584"}],"curies":[{"name":"wp","href":"https:\/\/api.w.org\/{rel}","templated":true}]}}