{"id":561,"date":"2024-09-29T21:47:19","date_gmt":"2024-09-29T19:47:19","guid":{"rendered":"https:\/\/wgphoto.pl\/t\/?p=561"},"modified":"2024-09-29T21:47:19","modified_gmt":"2024-09-29T19:47:19","slug":"et22-233","status":"publish","type":"post","link":"http:\/\/wgphoto.pl\/t\/?p=561","title":{"rendered":"ET22-233"},"content":{"rendered":"\n<figure class=\"wp-block-image aligncenter size-full\"><img loading=\"lazy\" decoding=\"async\" width=\"1200\" height=\"795\" src=\"https:\/\/wgphoto.pl\/t\/wp-content\/uploads\/IMGP2904.jpg\" alt=\"\" class=\"wp-image-562\" srcset=\"http:\/\/wgphoto.pl\/t\/wp-content\/uploads\/IMGP2904.jpg 1200w, http:\/\/wgphoto.pl\/t\/wp-content\/uploads\/IMGP2904-300x199.jpg 300w, http:\/\/wgphoto.pl\/t\/wp-content\/uploads\/IMGP2904-768x509.jpg 768w\" sizes=\"auto, (max-width: 1200px) 100vw, 1200px\" \/><\/figure>\n\n\n\n<div class=\"wp-block-group has-global-padding is-layout-constrained wp-block-group-is-layout-constrained\">\n<p>Poci\u0105g kontenerowy wje\u017cd\u017ca na stacj\u0119 Wroc\u0142aw Nadodrze. R\u00f3wnie dobrze m\u00f3g\u0142bym podpisa\u0107 to foto jako rok 2009, albo i 2004, bo przez ten czas nie zmieni\u0142o si\u0119 tu zupe\u0142nie nic. Nawet wygl\u0105d lokomotywy. \ud83d\ude09 20.02.2019<\/p>\n<\/div>\n","protected":false},"excerpt":{"rendered":"<p>Poci\u0105g kontenerowy wje\u017cd\u017ca na stacj\u0119 Wroc\u0142aw Nadodrze. R\u00f3wnie dobrze m\u00f3g\u0142bym podpisa\u0107 to foto jako rok 2009, albo i 2004, bo przez ten czas nie zmieni\u0142o si\u0119 tu zupe\u0142nie nic. Nawet wygl\u0105d lokomotywy. \ud83d\ude09 20.02.2019<\/p>\n","protected":false},"author":1,"featured_media":562,"comment_status":"open","ping_status":"","sticky":false,"template":"","format":"standard","meta":{"footnotes":""},"categories":[2,136],"tags":[247,26,63,27,139,246,41,245],"class_list":["post-561","post","type-post","status-publish","format-standard","has-post-thumbnail","hentry","category-kolej","category-rok-2019","tag-2019-02-20","tag-et22","tag-pkp","tag-polska","tag-retro","tag-tab-pl200","tag-wroclaw","tag-wroclaw-nadodrze"],"_links":{"self":[{"href":"http:\/\/wgphoto.pl\/t\/index.php?rest_route=\/wp\/v2\/posts\/561","targetHints":{"allow":["GET"]}}],"collection":[{"href":"http:\/\/wgphoto.pl\/t\/index.php?rest_route=\/wp\/v2\/posts"}],"about":[{"href":"http:\/\/wgphoto.pl\/t\/index.php?rest_route=\/wp\/v2\/types\/post"}],"author":[{"embeddable":true,"href":"http:\/\/wgphoto.pl\/t\/index.php?rest_route=\/wp\/v2\/users\/1"}],"replies":[{"embeddable":true,"href":"http:\/\/wgphoto.pl\/t\/index.php?rest_route=%2Fwp%2Fv2%2Fcomments&post=561"}],"version-history":[{"count":1,"href":"http:\/\/wgphoto.pl\/t\/index.php?rest_route=\/wp\/v2\/posts\/561\/revisions"}],"predecessor-version":[{"id":563,"href":"http:\/\/wgphoto.pl\/t\/index.php?rest_route=\/wp\/v2\/posts\/561\/revisions\/563"}],"wp:featuredmedia":[{"embeddable":true,"href":"http:\/\/wgphoto.pl\/t\/index.php?rest_route=\/wp\/v2\/media\/562"}],"wp:attachment":[{"href":"http:\/\/wgphoto.pl\/t\/index.php?rest_route=%2Fwp%2Fv2%2Fmedia&parent=561"}],"wp:term":[{"taxonomy":"category","embeddable":true,"href":"http:\/\/wgphoto.pl\/t\/index.php?rest_route=%2Fwp%2Fv2%2Fcategories&post=561"},{"taxonomy":"post_tag","embeddable":true,"href":"http:\/\/wgphoto.pl\/t\/index.php?rest_route=%2Fwp%2Fv2%2Ftags&post=561"}],"curies":[{"name":"wp","href":"https:\/\/api.w.org\/{rel}","templated":true}]}}