{"id":5616,"date":"2024-11-11T13:43:02","date_gmt":"2024-11-11T12:43:02","guid":{"rendered":"https:\/\/wgphoto.pl\/t\/?p=5616"},"modified":"2025-12-21T20:32:43","modified_gmt":"2025-12-21T19:32:43","slug":"na-ostrzu","status":"publish","type":"post","link":"http:\/\/wgphoto.pl\/t\/?p=5616","title":{"rendered":"Na ostrzu"},"content":{"rendered":"\n<figure class=\"wp-block-image aligncenter size-full\"><img loading=\"lazy\" decoding=\"async\" width=\"750\" height=\"1000\" src=\"https:\/\/wgphoto.pl\/t\/wp-content\/uploads\/2024\/11\/IMGP6503.jpg\" alt=\"\" class=\"wp-image-5617\" srcset=\"http:\/\/wgphoto.pl\/t\/wp-content\/uploads\/2024\/11\/IMGP6503.jpg 750w, http:\/\/wgphoto.pl\/t\/wp-content\/uploads\/2024\/11\/IMGP6503-225x300.jpg 225w\" sizes=\"auto, (max-width: 750px) 100vw, 750px\" \/><\/figure>\n\n\n\n<div class=\"wp-block-group has-global-padding is-layout-constrained wp-block-group-is-layout-constrained\">\n<p>Wroc\u0142aw, zajezdnia O\u0142bin. 2922, kt\u00f3ry przyjecha\u0142 tu planowo zawr\u00f3ci\u0107 jako linia 23, spotyka sk\u0142ad 2264+2265, maj\u0105cy akurat tego dnia wolne. [12.03.2022]<\/p>\n<\/div>\n","protected":false},"excerpt":{"rendered":"<p>Wroc\u0142aw, zajezdnia O\u0142bin. 2922, kt\u00f3ry przyjecha\u0142 tu planowo zawr\u00f3ci\u0107 jako linia 23, spotyka sk\u0142ad 2264+2265, maj\u0105cy akurat tego dnia wolne. [12.03.2022]<\/p>\n","protected":false},"author":1,"featured_media":5617,"comment_status":"open","ping_status":"","sticky":false,"template":"","format":"standard","meta":{"footnotes":""},"categories":[128,669,3],"tags":[43,2161,230,4604,501,42,32,27,439,41,138],"class_list":["post-5616","post","type-post","status-publish","format-standard","has-post-thumbnail","hentry","category-pionowe","category-rok-2022","category-tramwaj","tag-105nwr","tag-2022-03-12","tag-infrastruktura","tag-mf24ac","tag-moderus-beta","tag-mpk-wroclaw","tag-pionowe","tag-polska","tag-we-fabryce","tag-wroclaw","tag-zajezdnia"],"_links":{"self":[{"href":"http:\/\/wgphoto.pl\/t\/index.php?rest_route=\/wp\/v2\/posts\/5616","targetHints":{"allow":["GET"]}}],"collection":[{"href":"http:\/\/wgphoto.pl\/t\/index.php?rest_route=\/wp\/v2\/posts"}],"about":[{"href":"http:\/\/wgphoto.pl\/t\/index.php?rest_route=\/wp\/v2\/types\/post"}],"author":[{"embeddable":true,"href":"http:\/\/wgphoto.pl\/t\/index.php?rest_route=\/wp\/v2\/users\/1"}],"replies":[{"embeddable":true,"href":"http:\/\/wgphoto.pl\/t\/index.php?rest_route=%2Fwp%2Fv2%2Fcomments&post=5616"}],"version-history":[{"count":1,"href":"http:\/\/wgphoto.pl\/t\/index.php?rest_route=\/wp\/v2\/posts\/5616\/revisions"}],"predecessor-version":[{"id":5618,"href":"http:\/\/wgphoto.pl\/t\/index.php?rest_route=\/wp\/v2\/posts\/5616\/revisions\/5618"}],"wp:featuredmedia":[{"embeddable":true,"href":"http:\/\/wgphoto.pl\/t\/index.php?rest_route=\/wp\/v2\/media\/5617"}],"wp:attachment":[{"href":"http:\/\/wgphoto.pl\/t\/index.php?rest_route=%2Fwp%2Fv2%2Fmedia&parent=5616"}],"wp:term":[{"taxonomy":"category","embeddable":true,"href":"http:\/\/wgphoto.pl\/t\/index.php?rest_route=%2Fwp%2Fv2%2Fcategories&post=5616"},{"taxonomy":"post_tag","embeddable":true,"href":"http:\/\/wgphoto.pl\/t\/index.php?rest_route=%2Fwp%2Fv2%2Ftags&post=5616"}],"curies":[{"name":"wp","href":"https:\/\/api.w.org\/{rel}","templated":true}]}}