{"id":5622,"date":"2024-11-11T13:45:00","date_gmt":"2024-11-11T12:45:00","guid":{"rendered":"https:\/\/wgphoto.pl\/t\/?p=5622"},"modified":"2024-11-11T13:45:00","modified_gmt":"2024-11-11T12:45:00","slug":"wz","status":"publish","type":"post","link":"http:\/\/wgphoto.pl\/t\/?p=5622","title":{"rendered":"W\u017b"},"content":{"rendered":"\n<figure class=\"wp-block-image aligncenter size-full\"><img loading=\"lazy\" decoding=\"async\" width=\"1300\" height=\"862\" src=\"https:\/\/wgphoto.pl\/t\/wp-content\/uploads\/2024\/11\/0511-02.jpg\" alt=\"\" class=\"wp-image-5623\" srcset=\"http:\/\/wgphoto.pl\/t\/wp-content\/uploads\/2024\/11\/0511-02.jpg 1300w, http:\/\/wgphoto.pl\/t\/wp-content\/uploads\/2024\/11\/0511-02-300x199.jpg 300w, http:\/\/wgphoto.pl\/t\/wp-content\/uploads\/2024\/11\/0511-02-768x509.jpg 768w\" sizes=\"auto, (max-width: 1300px) 100vw, 1300px\" \/><\/figure>\n\n\n\n<div class=\"wp-block-group has-global-padding is-layout-constrained wp-block-group-is-layout-constrained\">\n<p>EU07-148 z poci\u0105giem osobowym 515 relacji Wroc\u0142aw G\u0142\u00f3wny &#8211; W\u0119gliniec odje\u017cd\u017ca z wroc\u0142awskich \u017bernik, mijaj\u0105c miejscow\u0105 nastawni\u0119 dysponuj\u0105c\u0105. [16.05.2005]<\/p>\n<\/div>\n","protected":false},"excerpt":{"rendered":"<p>EU07-148 z poci\u0105giem osobowym 515 relacji Wroc\u0142aw G\u0142\u00f3wny &#8211; W\u0119gliniec odje\u017cd\u017ca z wroc\u0142awskich \u017bernik, mijaj\u0105c miejscow\u0105 nastawni\u0119 dysponuj\u0105c\u0105. [16.05.2005]<\/p>\n","protected":false},"author":1,"featured_media":5623,"comment_status":"open","ping_status":"","sticky":false,"template":"","format":"standard","meta":{"footnotes":""},"categories":[62,2,311],"tags":[2163,288,122,63,27,233,41,924],"class_list":["post-5622","post","type-post","status-publish","format-standard","has-post-thumbnail","hentry","category-analog","category-kolej","category-rok-2005","tag-2005-05-16","tag-bipa","tag-eu07","tag-pkp","tag-polska","tag-tab-pl260","tag-wroclaw","tag-wroclaw-zerniki"],"_links":{"self":[{"href":"http:\/\/wgphoto.pl\/t\/index.php?rest_route=\/wp\/v2\/posts\/5622","targetHints":{"allow":["GET"]}}],"collection":[{"href":"http:\/\/wgphoto.pl\/t\/index.php?rest_route=\/wp\/v2\/posts"}],"about":[{"href":"http:\/\/wgphoto.pl\/t\/index.php?rest_route=\/wp\/v2\/types\/post"}],"author":[{"embeddable":true,"href":"http:\/\/wgphoto.pl\/t\/index.php?rest_route=\/wp\/v2\/users\/1"}],"replies":[{"embeddable":true,"href":"http:\/\/wgphoto.pl\/t\/index.php?rest_route=%2Fwp%2Fv2%2Fcomments&post=5622"}],"version-history":[{"count":1,"href":"http:\/\/wgphoto.pl\/t\/index.php?rest_route=\/wp\/v2\/posts\/5622\/revisions"}],"predecessor-version":[{"id":5624,"href":"http:\/\/wgphoto.pl\/t\/index.php?rest_route=\/wp\/v2\/posts\/5622\/revisions\/5624"}],"wp:featuredmedia":[{"embeddable":true,"href":"http:\/\/wgphoto.pl\/t\/index.php?rest_route=\/wp\/v2\/media\/5623"}],"wp:attachment":[{"href":"http:\/\/wgphoto.pl\/t\/index.php?rest_route=%2Fwp%2Fv2%2Fmedia&parent=5622"}],"wp:term":[{"taxonomy":"category","embeddable":true,"href":"http:\/\/wgphoto.pl\/t\/index.php?rest_route=%2Fwp%2Fv2%2Fcategories&post=5622"},{"taxonomy":"post_tag","embeddable":true,"href":"http:\/\/wgphoto.pl\/t\/index.php?rest_route=%2Fwp%2Fv2%2Ftags&post=5622"}],"curies":[{"name":"wp","href":"https:\/\/api.w.org\/{rel}","templated":true}]}}