{"id":5640,"date":"2024-11-11T13:51:29","date_gmt":"2024-11-11T12:51:29","guid":{"rendered":"https:\/\/wgphoto.pl\/t\/?p=5640"},"modified":"2024-11-11T13:51:29","modified_gmt":"2024-11-11T12:51:29","slug":"noc-na-torach-odstawczych","status":"publish","type":"post","link":"http:\/\/wgphoto.pl\/t\/?p=5640","title":{"rendered":"Noc na torach odstawczych"},"content":{"rendered":"\n<figure class=\"wp-block-image aligncenter size-full\"><img loading=\"lazy\" decoding=\"async\" width=\"1300\" height=\"861\" src=\"https:\/\/wgphoto.pl\/t\/wp-content\/uploads\/2024\/11\/IMGP7805.jpg\" alt=\"\" class=\"wp-image-5641\" srcset=\"http:\/\/wgphoto.pl\/t\/wp-content\/uploads\/2024\/11\/IMGP7805.jpg 1300w, http:\/\/wgphoto.pl\/t\/wp-content\/uploads\/2024\/11\/IMGP7805-300x199.jpg 300w, http:\/\/wgphoto.pl\/t\/wp-content\/uploads\/2024\/11\/IMGP7805-768x509.jpg 768w\" sizes=\"auto, (max-width: 1300px) 100vw, 1300px\" \/><\/figure>\n\n\n\n<div class=\"wp-block-group has-global-padding is-layout-constrained wp-block-group-is-layout-constrained\">\n<p>Tory odstawcze przy zajezdni w O\u0142omu\u0144cu s\u0105 noc\u0105 zape\u0142nione mniej ni\u017c s\u0105dzi\u0142em, jeszcze kilka sk\u0142ad\u00f3w by wesz\u0142o. Na prowadzenie wybija si\u0119 stoj\u0105c Tatra T3R.P 156. [18.05.2022]<\/p>\n<\/div>\n","protected":false},"excerpt":{"rendered":"<p>Tory odstawcze przy zajezdni w O\u0142omu\u0144cu s\u0105 noc\u0105 zape\u0142nione mniej ni\u017c s\u0105dzi\u0142em, jeszcze kilka sk\u0142ad\u00f3w by wesz\u0142o. Na prowadzenie wybija si\u0119 stoj\u0105c Tatra T3R.P 156. [18.05.2022]<\/p>\n","protected":false},"author":1,"featured_media":5641,"comment_status":"open","ping_status":"","sticky":false,"template":"","format":"standard","meta":{"footnotes":""},"categories":[669,3],"tags":[2168,49,1013,2169,154,1012,1011,1243,138],"class_list":["post-5640","post","type-post","status-publish","format-standard","has-post-thumbnail","hentry","category-rok-2022","category-tramwaj","tag-2022-05-18","tag-czechy","tag-dpmo-olomouc","tag-druga-majowka-2022","tag-noc","tag-olomuniec","tag-tatra-t3","tag-vario-lf","tag-zajezdnia"],"_links":{"self":[{"href":"http:\/\/wgphoto.pl\/t\/index.php?rest_route=\/wp\/v2\/posts\/5640","targetHints":{"allow":["GET"]}}],"collection":[{"href":"http:\/\/wgphoto.pl\/t\/index.php?rest_route=\/wp\/v2\/posts"}],"about":[{"href":"http:\/\/wgphoto.pl\/t\/index.php?rest_route=\/wp\/v2\/types\/post"}],"author":[{"embeddable":true,"href":"http:\/\/wgphoto.pl\/t\/index.php?rest_route=\/wp\/v2\/users\/1"}],"replies":[{"embeddable":true,"href":"http:\/\/wgphoto.pl\/t\/index.php?rest_route=%2Fwp%2Fv2%2Fcomments&post=5640"}],"version-history":[{"count":1,"href":"http:\/\/wgphoto.pl\/t\/index.php?rest_route=\/wp\/v2\/posts\/5640\/revisions"}],"predecessor-version":[{"id":5642,"href":"http:\/\/wgphoto.pl\/t\/index.php?rest_route=\/wp\/v2\/posts\/5640\/revisions\/5642"}],"wp:featuredmedia":[{"embeddable":true,"href":"http:\/\/wgphoto.pl\/t\/index.php?rest_route=\/wp\/v2\/media\/5641"}],"wp:attachment":[{"href":"http:\/\/wgphoto.pl\/t\/index.php?rest_route=%2Fwp%2Fv2%2Fmedia&parent=5640"}],"wp:term":[{"taxonomy":"category","embeddable":true,"href":"http:\/\/wgphoto.pl\/t\/index.php?rest_route=%2Fwp%2Fv2%2Fcategories&post=5640"},{"taxonomy":"post_tag","embeddable":true,"href":"http:\/\/wgphoto.pl\/t\/index.php?rest_route=%2Fwp%2Fv2%2Ftags&post=5640"}],"curies":[{"name":"wp","href":"https:\/\/api.w.org\/{rel}","templated":true}]}}