{"id":5662,"date":"2024-11-13T16:38:41","date_gmt":"2024-11-13T15:38:41","guid":{"rendered":"https:\/\/wgphoto.pl\/t\/?p=5662"},"modified":"2024-11-13T16:38:41","modified_gmt":"2024-11-13T15:38:41","slug":"gra-swiatla-nad-krauselklauseviadukt","status":"publish","type":"post","link":"http:\/\/wgphoto.pl\/t\/?p=5662","title":{"rendered":"Gra \u015bwiat\u0142a nad Krauselklauseviadukt"},"content":{"rendered":"\n<figure class=\"wp-block-image aligncenter size-full\"><img loading=\"lazy\" decoding=\"async\" width=\"1400\" height=\"927\" src=\"https:\/\/wgphoto.pl\/t\/wp-content\/uploads\/2024\/11\/IMGP0022.jpg\" alt=\"\" class=\"wp-image-5663\" srcset=\"http:\/\/wgphoto.pl\/t\/wp-content\/uploads\/2024\/11\/IMGP0022.jpg 1400w, http:\/\/wgphoto.pl\/t\/wp-content\/uploads\/2024\/11\/IMGP0022-300x199.jpg 300w, http:\/\/wgphoto.pl\/t\/wp-content\/uploads\/2024\/11\/IMGP0022-768x509.jpg 768w\" sizes=\"auto, (max-width: 1400px) 100vw, 1400px\" \/><\/figure>\n\n\n\n<div class=\"wp-block-group has-global-padding is-layout-constrained wp-block-group-is-layout-constrained\">\n<p>Sk\u0142ad rj657 relacji Flughafen Wien &#8211; Graz Hbf przeje\u017cd\u017ca przez najkr\u00f3tszy spo\u015br\u00f3d &#8222;dwupoziomowych&#8221; wiadukt\u00f3w. Breitenstein, 10.09.2024<\/p>\n<\/div>\n","protected":false},"excerpt":{"rendered":"<p>Sk\u0142ad rj657 relacji Flughafen Wien &#8211; Graz Hbf przeje\u017cd\u017ca przez najkr\u00f3tszy spo\u015br\u00f3d &#8222;dwupoziomowych&#8221; wiadukt\u00f3w. Breitenstein, 10.09.2024<\/p>\n","protected":false},"author":1,"featured_media":5663,"comment_status":"open","ping_status":"","sticky":false,"template":"","format":"standard","meta":{"footnotes":""},"categories":[2,5],"tags":[8,551,9,549,45,11,12,550],"class_list":["post-5662","post","type-post","status-publish","format-standard","has-post-thumbnail","hentry","category-kolej","category-2024r","tag-8","tag-2024-09-10","tag-austria","tag-breitenstein","tag-most","tag-obb","tag-semmeringbahn","tag-wakacje-2024"],"_links":{"self":[{"href":"http:\/\/wgphoto.pl\/t\/index.php?rest_route=\/wp\/v2\/posts\/5662","targetHints":{"allow":["GET"]}}],"collection":[{"href":"http:\/\/wgphoto.pl\/t\/index.php?rest_route=\/wp\/v2\/posts"}],"about":[{"href":"http:\/\/wgphoto.pl\/t\/index.php?rest_route=\/wp\/v2\/types\/post"}],"author":[{"embeddable":true,"href":"http:\/\/wgphoto.pl\/t\/index.php?rest_route=\/wp\/v2\/users\/1"}],"replies":[{"embeddable":true,"href":"http:\/\/wgphoto.pl\/t\/index.php?rest_route=%2Fwp%2Fv2%2Fcomments&post=5662"}],"version-history":[{"count":1,"href":"http:\/\/wgphoto.pl\/t\/index.php?rest_route=\/wp\/v2\/posts\/5662\/revisions"}],"predecessor-version":[{"id":5664,"href":"http:\/\/wgphoto.pl\/t\/index.php?rest_route=\/wp\/v2\/posts\/5662\/revisions\/5664"}],"wp:featuredmedia":[{"embeddable":true,"href":"http:\/\/wgphoto.pl\/t\/index.php?rest_route=\/wp\/v2\/media\/5663"}],"wp:attachment":[{"href":"http:\/\/wgphoto.pl\/t\/index.php?rest_route=%2Fwp%2Fv2%2Fmedia&parent=5662"}],"wp:term":[{"taxonomy":"category","embeddable":true,"href":"http:\/\/wgphoto.pl\/t\/index.php?rest_route=%2Fwp%2Fv2%2Fcategories&post=5662"},{"taxonomy":"post_tag","embeddable":true,"href":"http:\/\/wgphoto.pl\/t\/index.php?rest_route=%2Fwp%2Fv2%2Ftags&post=5662"}],"curies":[{"name":"wp","href":"https:\/\/api.w.org\/{rel}","templated":true}]}}