{"id":5671,"date":"2024-11-13T18:34:10","date_gmt":"2024-11-13T17:34:10","guid":{"rendered":"https:\/\/wgphoto.pl\/t\/?p=5671"},"modified":"2024-11-13T18:34:10","modified_gmt":"2024-11-13T17:34:10","slug":"spotkanie-pod-flaga-z-szachownica","status":"publish","type":"post","link":"http:\/\/wgphoto.pl\/t\/?p=5671","title":{"rendered":"Spotkanie pod flag\u0105 z szachownic\u0105"},"content":{"rendered":"\n<figure class=\"wp-block-image aligncenter size-full\"><img loading=\"lazy\" decoding=\"async\" width=\"1200\" height=\"803\" src=\"https:\/\/wgphoto.pl\/t\/wp-content\/uploads\/2024\/11\/IMGP3718.jpg\" alt=\"\" class=\"wp-image-5672\" srcset=\"http:\/\/wgphoto.pl\/t\/wp-content\/uploads\/2024\/11\/IMGP3718.jpg 1200w, http:\/\/wgphoto.pl\/t\/wp-content\/uploads\/2024\/11\/IMGP3718-300x201.jpg 300w, http:\/\/wgphoto.pl\/t\/wp-content\/uploads\/2024\/11\/IMGP3718-768x514.jpg 768w\" sizes=\"auto, (max-width: 1200px) 100vw, 1200px\" \/><\/figure>\n\n\n\n<div class=\"wp-block-group has-global-padding is-layout-constrained wp-block-group-is-layout-constrained\">\n<p>Mi\u0119dzynarodowe spotkanie na granicznej stacji Beli Manastir. Motorak z doczep\u0105 przyby\u0142 z W\u0119gier (by\u0107 mo\u017ce z Peczu &#8211; bo tam zaraz wr\u00f3ci), natomiast chorwacki dwuwagonowy SZT pojedzie do niedalekiego Osijeku. Warunki o\u015bwietleniowe by\u0142y mocno niesprzyjaj\u0105ce, ale spotkania taboru kolejowego nale\u017c\u0105cego do r\u00f3\u017cnych zarz\u0105d\u00f3w zawsze warto uwieczni\u0107. 26.08.2011<\/p>\n<\/div>\n","protected":false},"excerpt":{"rendered":"<p>Mi\u0119dzynarodowe spotkanie na granicznej stacji Beli Manastir. Motorak z doczep\u0105 przyby\u0142 z W\u0119gier (by\u0107 mo\u017ce z Peczu &#8211; bo tam zaraz wr\u00f3ci), natomiast chorwacki dwuwagonowy SZT pojedzie do niedalekiego Osijeku. Warunki o\u015bwietleniowe by\u0142y mocno niesprzyjaj\u0105ce, ale spotkania taboru kolejowego nale\u017c\u0105cego do r\u00f3\u017cnych zarz\u0105d\u00f3w zawsze warto uwieczni\u0107. 26.08.2011<\/p>\n","protected":false},"author":1,"featured_media":5672,"comment_status":"open","ping_status":"","sticky":false,"template":"","format":"standard","meta":{"footnotes":""},"categories":[2,77],"tags":[1598,2174,2176,459,494,249,2175,1813],"class_list":["post-5671","post","type-post","status-publish","format-standard","has-post-thumbnail","hentry","category-kolej","category-rok-2011","tag-2011-08-26","tag-beli-manastir","tag-bzmot","tag-chorwacja","tag-flaga","tag-goscinne-wystepy","tag-hz","tag-mav"],"_links":{"self":[{"href":"http:\/\/wgphoto.pl\/t\/index.php?rest_route=\/wp\/v2\/posts\/5671","targetHints":{"allow":["GET"]}}],"collection":[{"href":"http:\/\/wgphoto.pl\/t\/index.php?rest_route=\/wp\/v2\/posts"}],"about":[{"href":"http:\/\/wgphoto.pl\/t\/index.php?rest_route=\/wp\/v2\/types\/post"}],"author":[{"embeddable":true,"href":"http:\/\/wgphoto.pl\/t\/index.php?rest_route=\/wp\/v2\/users\/1"}],"replies":[{"embeddable":true,"href":"http:\/\/wgphoto.pl\/t\/index.php?rest_route=%2Fwp%2Fv2%2Fcomments&post=5671"}],"version-history":[{"count":1,"href":"http:\/\/wgphoto.pl\/t\/index.php?rest_route=\/wp\/v2\/posts\/5671\/revisions"}],"predecessor-version":[{"id":5673,"href":"http:\/\/wgphoto.pl\/t\/index.php?rest_route=\/wp\/v2\/posts\/5671\/revisions\/5673"}],"wp:featuredmedia":[{"embeddable":true,"href":"http:\/\/wgphoto.pl\/t\/index.php?rest_route=\/wp\/v2\/media\/5672"}],"wp:attachment":[{"href":"http:\/\/wgphoto.pl\/t\/index.php?rest_route=%2Fwp%2Fv2%2Fmedia&parent=5671"}],"wp:term":[{"taxonomy":"category","embeddable":true,"href":"http:\/\/wgphoto.pl\/t\/index.php?rest_route=%2Fwp%2Fv2%2Fcategories&post=5671"},{"taxonomy":"post_tag","embeddable":true,"href":"http:\/\/wgphoto.pl\/t\/index.php?rest_route=%2Fwp%2Fv2%2Ftags&post=5671"}],"curies":[{"name":"wp","href":"https:\/\/api.w.org\/{rel}","templated":true}]}}