{"id":5689,"date":"2024-11-13T18:54:52","date_gmt":"2024-11-13T17:54:52","guid":{"rendered":"https:\/\/wgphoto.pl\/t\/?p=5689"},"modified":"2024-11-13T18:54:52","modified_gmt":"2024-11-13T17:54:52","slug":"wiedeniec-na-mrozowej","status":"publish","type":"post","link":"http:\/\/wgphoto.pl\/t\/?p=5689","title":{"rendered":"Wiedeniec na Mrozowej"},"content":{"rendered":"\n<figure class=\"wp-block-image aligncenter size-full\"><img loading=\"lazy\" decoding=\"async\" width=\"1200\" height=\"803\" src=\"https:\/\/wgphoto.pl\/t\/wp-content\/uploads\/2024\/11\/IMGP2526.jpg\" alt=\"\" class=\"wp-image-5690\" srcset=\"http:\/\/wgphoto.pl\/t\/wp-content\/uploads\/2024\/11\/IMGP2526.jpg 1200w, http:\/\/wgphoto.pl\/t\/wp-content\/uploads\/2024\/11\/IMGP2526-300x201.jpg 300w, http:\/\/wgphoto.pl\/t\/wp-content\/uploads\/2024\/11\/IMGP2526-768x514.jpg 768w\" sizes=\"auto, (max-width: 1200px) 100vw, 1200px\" \/><\/figure>\n\n\n\n<div class=\"wp-block-group has-global-padding is-layout-constrained wp-block-group-is-layout-constrained\">\n<p>Krak\u00f3w, ul. Mrozowa. Zestaw E1+c3 104+564 (ex 4644+1256) przemierzaj\u0105c industrialne rejony Nowej Huty zbli\u017ca si\u0119 do p\u0119tli Walcownia. W 2018 roku ten odcinek sieci zosta\u0142 zamkni\u0119ty &#8211; oficjalnie czasowo, moim zdaniem na zawsze. 22.04.2010<\/p>\n<\/div>\n","protected":false},"excerpt":{"rendered":"<p>Krak\u00f3w, ul. Mrozowa. Zestaw E1+c3 104+564 (ex 4644+1256) przemierzaj\u0105c industrialne rejony Nowej Huty zbli\u017ca si\u0119 do p\u0119tli Walcownia. W 2018 roku ten odcinek sieci zosta\u0142 zamkni\u0119ty &#8211; oficjalnie czasowo, moim zdaniem na zawsze. 22.04.2010<\/p>\n","protected":false},"author":1,"featured_media":5690,"comment_status":"open","ping_status":"","sticky":false,"template":"","format":"standard","meta":{"footnotes":""},"categories":[86,3],"tags":[665,102,101,664,663,27],"class_list":["post-5689","post","type-post","status-publish","format-standard","has-post-thumbnail","hentry","category-rok-2010","category-tramwaj","tag-2010-04-22","tag-e1","tag-gt6","tag-krakow","tag-mpk-krakow","tag-polska"],"_links":{"self":[{"href":"http:\/\/wgphoto.pl\/t\/index.php?rest_route=\/wp\/v2\/posts\/5689","targetHints":{"allow":["GET"]}}],"collection":[{"href":"http:\/\/wgphoto.pl\/t\/index.php?rest_route=\/wp\/v2\/posts"}],"about":[{"href":"http:\/\/wgphoto.pl\/t\/index.php?rest_route=\/wp\/v2\/types\/post"}],"author":[{"embeddable":true,"href":"http:\/\/wgphoto.pl\/t\/index.php?rest_route=\/wp\/v2\/users\/1"}],"replies":[{"embeddable":true,"href":"http:\/\/wgphoto.pl\/t\/index.php?rest_route=%2Fwp%2Fv2%2Fcomments&post=5689"}],"version-history":[{"count":1,"href":"http:\/\/wgphoto.pl\/t\/index.php?rest_route=\/wp\/v2\/posts\/5689\/revisions"}],"predecessor-version":[{"id":5691,"href":"http:\/\/wgphoto.pl\/t\/index.php?rest_route=\/wp\/v2\/posts\/5689\/revisions\/5691"}],"wp:featuredmedia":[{"embeddable":true,"href":"http:\/\/wgphoto.pl\/t\/index.php?rest_route=\/wp\/v2\/media\/5690"}],"wp:attachment":[{"href":"http:\/\/wgphoto.pl\/t\/index.php?rest_route=%2Fwp%2Fv2%2Fmedia&parent=5689"}],"wp:term":[{"taxonomy":"category","embeddable":true,"href":"http:\/\/wgphoto.pl\/t\/index.php?rest_route=%2Fwp%2Fv2%2Fcategories&post=5689"},{"taxonomy":"post_tag","embeddable":true,"href":"http:\/\/wgphoto.pl\/t\/index.php?rest_route=%2Fwp%2Fv2%2Ftags&post=5689"}],"curies":[{"name":"wp","href":"https:\/\/api.w.org\/{rel}","templated":true}]}}