{"id":5707,"date":"2024-11-13T19:14:58","date_gmt":"2024-11-13T18:14:58","guid":{"rendered":"https:\/\/wgphoto.pl\/t\/?p=5707"},"modified":"2025-06-12T21:55:43","modified_gmt":"2025-06-12T19:55:43","slug":"cwikow-centrum","status":"publish","type":"post","link":"http:\/\/wgphoto.pl\/t\/?p=5707","title":{"rendered":"\u0106wik\u00f3w Centrum"},"content":{"rendered":"\n<figure class=\"wp-block-image aligncenter size-full\"><img loading=\"lazy\" decoding=\"async\" width=\"1200\" height=\"803\" src=\"https:\/\/wgphoto.pl\/t\/wp-content\/uploads\/2024\/11\/IMGP9850.jpg\" alt=\"\" class=\"wp-image-5708\" srcset=\"http:\/\/wgphoto.pl\/t\/wp-content\/uploads\/2024\/11\/IMGP9850.jpg 1200w, http:\/\/wgphoto.pl\/t\/wp-content\/uploads\/2024\/11\/IMGP9850-300x201.jpg 300w, http:\/\/wgphoto.pl\/t\/wp-content\/uploads\/2024\/11\/IMGP9850-768x514.jpg 768w\" sizes=\"auto, (max-width: 1200px) 100vw, 1200px\" \/><\/figure>\n\n\n\n<div class=\"wp-block-group has-global-padding is-layout-constrained wp-block-group-is-layout-constrained\">\n<p>Zwickau, Innere Schneeberger Stra\u00dfe. Mi\u0119dzynarodowy poci\u0105g osobowy do czeskich Kraslic oczekuje pory odjazdu z przystanku Zwickau Zentrum. Najwi\u0119ksz\u0105 imho ciekawostk\u0105 Zwickau s\u0105 poci\u0105gi wje\u017cd\u017caj\u0105ce po trasie wsp\u00f3lnej z tramwajem (splot 1000\/1435 mm) niemal\u017ce na samo stare miasto &#8211; oko\u0142o 150 metr\u00f3w od rynku. Zaszczytu tego doznaj\u0105 wy\u0142\u0080\u009a\u0105cznie takie knypkowate pojazdy, zakupione chyba zreszt\u0105 specjalnie w tym celu (edit 2024: aktualnie kursuj\u0105 tu ju\u017c inne pojazdy). 2009-09-11<\/p>\n<\/div>\n","protected":false},"excerpt":{"rendered":"<p>Zwickau, Innere Schneeberger Stra\u00dfe. Mi\u0119dzynarodowy poci\u0105g osobowy do czeskich Kraslic oczekuje pory odjazdu z przystanku Zwickau Zentrum. Najwi\u0119ksz\u0105 imho ciekawostk\u0105 Zwickau s\u0105 poci\u0105gi wje\u017cd\u017caj\u0105ce po trasie wsp\u00f3lnej z tramwajem (splot 1000\/1435 mm) niemal\u017ce na samo stare miasto &#8211; oko\u0142o 150 metr\u00f3w od rynku. Zaszczytu tego doznaj\u0105 wy\u0142\u0080\u009a\u0105cznie takie knypkowate pojazdy, zakupione chyba zreszt\u0105 specjalnie w [&hellip;]<\/p>\n","protected":false},"author":1,"featured_media":5708,"comment_status":"open","ping_status":"","sticky":false,"template":"","format":"standard","meta":{"footnotes":""},"categories":[2,169],"tags":[1334,230,23,4016,2185,1332,3376],"class_list":["post-5707","post","type-post","status-publish","format-standard","has-post-thumbnail","hentry","category-kolej","category-rok-2009","tag-2009-09-11","tag-infrastruktura","tag-niemcy","tag-regiosprinter","tag-vogtlandbahn","tag-zwickau","tag-zwickau-zentrum"],"_links":{"self":[{"href":"http:\/\/wgphoto.pl\/t\/index.php?rest_route=\/wp\/v2\/posts\/5707","targetHints":{"allow":["GET"]}}],"collection":[{"href":"http:\/\/wgphoto.pl\/t\/index.php?rest_route=\/wp\/v2\/posts"}],"about":[{"href":"http:\/\/wgphoto.pl\/t\/index.php?rest_route=\/wp\/v2\/types\/post"}],"author":[{"embeddable":true,"href":"http:\/\/wgphoto.pl\/t\/index.php?rest_route=\/wp\/v2\/users\/1"}],"replies":[{"embeddable":true,"href":"http:\/\/wgphoto.pl\/t\/index.php?rest_route=%2Fwp%2Fv2%2Fcomments&post=5707"}],"version-history":[{"count":1,"href":"http:\/\/wgphoto.pl\/t\/index.php?rest_route=\/wp\/v2\/posts\/5707\/revisions"}],"predecessor-version":[{"id":5709,"href":"http:\/\/wgphoto.pl\/t\/index.php?rest_route=\/wp\/v2\/posts\/5707\/revisions\/5709"}],"wp:featuredmedia":[{"embeddable":true,"href":"http:\/\/wgphoto.pl\/t\/index.php?rest_route=\/wp\/v2\/media\/5708"}],"wp:attachment":[{"href":"http:\/\/wgphoto.pl\/t\/index.php?rest_route=%2Fwp%2Fv2%2Fmedia&parent=5707"}],"wp:term":[{"taxonomy":"category","embeddable":true,"href":"http:\/\/wgphoto.pl\/t\/index.php?rest_route=%2Fwp%2Fv2%2Fcategories&post=5707"},{"taxonomy":"post_tag","embeddable":true,"href":"http:\/\/wgphoto.pl\/t\/index.php?rest_route=%2Fwp%2Fv2%2Ftags&post=5707"}],"curies":[{"name":"wp","href":"https:\/\/api.w.org\/{rel}","templated":true}]}}