{"id":5710,"date":"2024-11-13T19:17:27","date_gmt":"2024-11-13T18:17:27","guid":{"rendered":"https:\/\/wgphoto.pl\/t\/?p=5710"},"modified":"2024-11-13T19:17:27","modified_gmt":"2024-11-13T18:17:27","slug":"niemiecki-lad","status":"publish","type":"post","link":"http:\/\/wgphoto.pl\/t\/?p=5710","title":{"rendered":"Niemiecki \u0142ad"},"content":{"rendered":"\n<figure class=\"wp-block-image aligncenter size-full\"><img loading=\"lazy\" decoding=\"async\" width=\"1200\" height=\"803\" src=\"https:\/\/wgphoto.pl\/t\/wp-content\/uploads\/2024\/11\/IMGP9412.jpg\" alt=\"\" class=\"wp-image-5711\" srcset=\"http:\/\/wgphoto.pl\/t\/wp-content\/uploads\/2024\/11\/IMGP9412.jpg 1200w, http:\/\/wgphoto.pl\/t\/wp-content\/uploads\/2024\/11\/IMGP9412-300x201.jpg 300w, http:\/\/wgphoto.pl\/t\/wp-content\/uploads\/2024\/11\/IMGP9412-768x514.jpg 768w\" sizes=\"auto, (max-width: 1200px) 100vw, 1200px\" \/><\/figure>\n\n\n\n<div class=\"wp-block-group has-global-padding is-layout-constrained wp-block-group-is-layout-constrained\">\n<p>Wagon KT4D 946, pomalowany w barwy maskuj\u0105ce, mija skrzy\u017cowanie Gro\u00dfe Biergasse x Bosestra\u00dfe x Max-Pechstein-Stra\u00dfe. Nie mog\u0142em si\u0119 zdecydowa\u0107, czy docelowe uj\u0119cie z tego miejsca ma zawiera\u0107 wi\u0119cej czerwonej ceg\u0142y, czy torow\u0105 &#8222;esk\u0119&#8221;. Wygl\u0105d miasta na tym obrazku odzwierciedla w pewnym sensie komunikacj\u0119 tramwajow\u0105 w nim funkcjonuj\u0105c\u0105, znajduje si\u0119 ona bowiem zdecydowanie poni\u017cej niemieckiej \u015bredniej. 08.09.2009<\/p>\n<\/div>\n","protected":false},"excerpt":{"rendered":"<p>Wagon KT4D 946, pomalowany w barwy maskuj\u0105ce, mija skrzy\u017cowanie Gro\u00dfe Biergasse x Bosestra\u00dfe x Max-Pechstein-Stra\u00dfe. Nie mog\u0142em si\u0119 zdecydowa\u0107, czy docelowe uj\u0119cie z tego miejsca ma zawiera\u0107 wi\u0119cej czerwonej ceg\u0142y, czy torow\u0105 &#8222;esk\u0119&#8221;. Wygl\u0105d miasta na tym obrazku odzwierciedla w pewnym sensie komunikacj\u0119 tramwajow\u0105 w nim funkcjonuj\u0105c\u0105, znajduje si\u0119 ona bowiem zdecydowanie poni\u017cej niemieckiej \u015bredniej. [&hellip;]<\/p>\n","protected":false},"author":1,"featured_media":5711,"comment_status":"open","ping_status":"","sticky":false,"template":"","format":"standard","meta":{"footnotes":""},"categories":[169,3],"tags":[731,34,23,1335,33,1332],"class_list":["post-5710","post","type-post","status-publish","format-standard","has-post-thumbnail","hentry","category-rok-2009","category-tramwaj","tag-2009-09-08","tag-architektura","tag-niemcy","tag-svz-zwickau","tag-tatra-kt4","tag-zwickau"],"_links":{"self":[{"href":"http:\/\/wgphoto.pl\/t\/index.php?rest_route=\/wp\/v2\/posts\/5710","targetHints":{"allow":["GET"]}}],"collection":[{"href":"http:\/\/wgphoto.pl\/t\/index.php?rest_route=\/wp\/v2\/posts"}],"about":[{"href":"http:\/\/wgphoto.pl\/t\/index.php?rest_route=\/wp\/v2\/types\/post"}],"author":[{"embeddable":true,"href":"http:\/\/wgphoto.pl\/t\/index.php?rest_route=\/wp\/v2\/users\/1"}],"replies":[{"embeddable":true,"href":"http:\/\/wgphoto.pl\/t\/index.php?rest_route=%2Fwp%2Fv2%2Fcomments&post=5710"}],"version-history":[{"count":1,"href":"http:\/\/wgphoto.pl\/t\/index.php?rest_route=\/wp\/v2\/posts\/5710\/revisions"}],"predecessor-version":[{"id":5712,"href":"http:\/\/wgphoto.pl\/t\/index.php?rest_route=\/wp\/v2\/posts\/5710\/revisions\/5712"}],"wp:featuredmedia":[{"embeddable":true,"href":"http:\/\/wgphoto.pl\/t\/index.php?rest_route=\/wp\/v2\/media\/5711"}],"wp:attachment":[{"href":"http:\/\/wgphoto.pl\/t\/index.php?rest_route=%2Fwp%2Fv2%2Fmedia&parent=5710"}],"wp:term":[{"taxonomy":"category","embeddable":true,"href":"http:\/\/wgphoto.pl\/t\/index.php?rest_route=%2Fwp%2Fv2%2Fcategories&post=5710"},{"taxonomy":"post_tag","embeddable":true,"href":"http:\/\/wgphoto.pl\/t\/index.php?rest_route=%2Fwp%2Fv2%2Ftags&post=5710"}],"curies":[{"name":"wp","href":"https:\/\/api.w.org\/{rel}","templated":true}]}}