{"id":5719,"date":"2024-11-14T18:29:46","date_gmt":"2024-11-14T17:29:46","guid":{"rendered":"https:\/\/wgphoto.pl\/t\/?p=5719"},"modified":"2024-11-14T18:29:46","modified_gmt":"2024-11-14T17:29:46","slug":"znow-stromo","status":"publish","type":"post","link":"http:\/\/wgphoto.pl\/t\/?p=5719","title":{"rendered":"Zn\u00f3w stromo"},"content":{"rendered":"\n<figure class=\"wp-block-image aligncenter size-full\"><img loading=\"lazy\" decoding=\"async\" width=\"1200\" height=\"803\" src=\"https:\/\/wgphoto.pl\/t\/wp-content\/uploads\/2024\/11\/IMGP7462.jpg\" alt=\"\" class=\"wp-image-5720\" srcset=\"http:\/\/wgphoto.pl\/t\/wp-content\/uploads\/2024\/11\/IMGP7462.jpg 1200w, http:\/\/wgphoto.pl\/t\/wp-content\/uploads\/2024\/11\/IMGP7462-300x201.jpg 300w, http:\/\/wgphoto.pl\/t\/wp-content\/uploads\/2024\/11\/IMGP7462-768x514.jpg 768w\" sizes=\"auto, (max-width: 1200px) 100vw, 1200px\" \/><\/figure>\n\n\n\n<div class=\"wp-block-group has-global-padding is-layout-constrained wp-block-group-is-layout-constrained\">\n<p>Lizbona, Rua de S\u00e3o Domingos. Jako \u017ce uzna\u0142em kadry z wodami Tagu w tle za szczeg\u00f3lnie interesuj\u0105ce, w g\u0105szczu ulic poszukiwa\u0142em takich w\u0142a\u015bnie widok\u00f3w i chyba wi\u0119kszo\u015b\u0107 z nich uda\u0142o mi si\u0119 fotograficznie wykorzysta\u0107. 2010-09-07<\/p>\n<\/div>\n","protected":false},"excerpt":{"rendered":"<p>Lizbona, Rua de S\u00e3o Domingos. Jako \u017ce uzna\u0142em kadry z wodami Tagu w tle za szczeg\u00f3lnie interesuj\u0105ce, w g\u0105szczu ulic poszukiwa\u0142em takich w\u0142a\u015bnie widok\u00f3w i chyba wi\u0119kszo\u015b\u0107 z nich uda\u0142o mi si\u0119 fotograficznie wykorzysta\u0107. 2010-09-07<\/p>\n","protected":false},"author":1,"featured_media":5720,"comment_status":"open","ping_status":"","sticky":false,"template":"","format":"standard","meta":{"footnotes":""},"categories":[86,3],"tags":[1430,299,298,118,297,588],"class_list":["post-5719","post","type-post","status-publish","format-standard","has-post-thumbnail","hentry","category-rok-2010","category-tramwaj","tag-2010-09-07","tag-carris-lisboa","tag-lizbona","tag-plany-i-profile","tag-portugalia","tag-remodelado"],"_links":{"self":[{"href":"http:\/\/wgphoto.pl\/t\/index.php?rest_route=\/wp\/v2\/posts\/5719","targetHints":{"allow":["GET"]}}],"collection":[{"href":"http:\/\/wgphoto.pl\/t\/index.php?rest_route=\/wp\/v2\/posts"}],"about":[{"href":"http:\/\/wgphoto.pl\/t\/index.php?rest_route=\/wp\/v2\/types\/post"}],"author":[{"embeddable":true,"href":"http:\/\/wgphoto.pl\/t\/index.php?rest_route=\/wp\/v2\/users\/1"}],"replies":[{"embeddable":true,"href":"http:\/\/wgphoto.pl\/t\/index.php?rest_route=%2Fwp%2Fv2%2Fcomments&post=5719"}],"version-history":[{"count":1,"href":"http:\/\/wgphoto.pl\/t\/index.php?rest_route=\/wp\/v2\/posts\/5719\/revisions"}],"predecessor-version":[{"id":5721,"href":"http:\/\/wgphoto.pl\/t\/index.php?rest_route=\/wp\/v2\/posts\/5719\/revisions\/5721"}],"wp:featuredmedia":[{"embeddable":true,"href":"http:\/\/wgphoto.pl\/t\/index.php?rest_route=\/wp\/v2\/media\/5720"}],"wp:attachment":[{"href":"http:\/\/wgphoto.pl\/t\/index.php?rest_route=%2Fwp%2Fv2%2Fmedia&parent=5719"}],"wp:term":[{"taxonomy":"category","embeddable":true,"href":"http:\/\/wgphoto.pl\/t\/index.php?rest_route=%2Fwp%2Fv2%2Fcategories&post=5719"},{"taxonomy":"post_tag","embeddable":true,"href":"http:\/\/wgphoto.pl\/t\/index.php?rest_route=%2Fwp%2Fv2%2Ftags&post=5719"}],"curies":[{"name":"wp","href":"https:\/\/api.w.org\/{rel}","templated":true}]}}