{"id":5731,"date":"2024-11-14T18:40:14","date_gmt":"2024-11-14T17:40:14","guid":{"rendered":"https:\/\/wgphoto.pl\/t\/?p=5731"},"modified":"2024-11-14T18:40:14","modified_gmt":"2024-11-14T17:40:14","slug":"ulf-b1-nr-744","status":"publish","type":"post","link":"http:\/\/wgphoto.pl\/t\/?p=5731","title":{"rendered":"ULF B1 nr 744"},"content":{"rendered":"\n<figure class=\"wp-block-image aligncenter size-full\"><img loading=\"lazy\" decoding=\"async\" width=\"1200\" height=\"803\" src=\"https:\/\/wgphoto.pl\/t\/wp-content\/uploads\/2024\/11\/IMGP8233.jpg\" alt=\"\" class=\"wp-image-5732\" srcset=\"http:\/\/wgphoto.pl\/t\/wp-content\/uploads\/2024\/11\/IMGP8233.jpg 1200w, http:\/\/wgphoto.pl\/t\/wp-content\/uploads\/2024\/11\/IMGP8233-300x201.jpg 300w, http:\/\/wgphoto.pl\/t\/wp-content\/uploads\/2024\/11\/IMGP8233-768x514.jpg 768w\" sizes=\"auto, (max-width: 1200px) 100vw, 1200px\" \/><\/figure>\n\n\n\n<div class=\"wp-block-group has-global-padding is-layout-constrained wp-block-group-is-layout-constrained\">\n<p>Tramwaj linii 43 jad\u0105c Vollbadgasse przemierza, poprzecinane wzg\u00f3rzami porastanymi przez winnice, p\u00f3\u0142nocno-zachodnie dzielnice Wiednia. Co prawda nie jest to trasa do najpopularniejszej z nich &#8211; Grinzingu &#8211; ale to w\u0142a\u015bnie tutaj mo\u017cna pope\u0142ni\u0107 foto z takim sympatycznym t\u0142em. Pierwszy raz trafi\u0142em tutaj w 2002 roku i od tamtej pory przy ka\u017cdej wizycie staram si\u0119 ugry\u017a\u0107 ten motyw najlepiej jak umiem. Tym razem jestem ju\u017c zadowolony z kadru, ale z kolei s\u0142oneczko postanowi\u0142o sobie ze mnie za\u017cartowa\u0107, a \u017ce ruch samochodowy jest tu spory, to nawet poprawka z kolejnym tramwajem &#8211; a te w soboty pojawiaj\u0105 si\u0119 tu co 6 minut &#8211; nie jest tak prosta jak by si\u0119 mog\u0142o wydawa\u0107. 2012-05-26<\/p>\n<\/div>\n","protected":false},"excerpt":{"rendered":"<p>Tramwaj linii 43 jad\u0105c Vollbadgasse przemierza, poprzecinane wzg\u00f3rzami porastanymi przez winnice, p\u00f3\u0142nocno-zachodnie dzielnice Wiednia. Co prawda nie jest to trasa do najpopularniejszej z nich &#8211; Grinzingu &#8211; ale to w\u0142a\u015bnie tutaj mo\u017cna pope\u0142ni\u0107 foto z takim sympatycznym t\u0142em. Pierwszy raz trafi\u0142em tutaj w 2002 roku i od tamtej pory przy ka\u017cdej wizycie staram si\u0119 ugry\u017a\u0107 [&hellip;]<\/p>\n","protected":false},"author":1,"featured_media":5732,"comment_status":"open","ping_status":"","sticky":false,"template":"","format":"standard","meta":{"footnotes":""},"categories":[46,3],"tags":[2192,9,271,97,98],"class_list":["post-5731","post","type-post","status-publish","format-standard","has-post-thumbnail","hentry","category-rok-2012","category-tramwaj","tag-2012-05-26","tag-austria","tag-ulf","tag-wieden","tag-wiener-linien"],"_links":{"self":[{"href":"http:\/\/wgphoto.pl\/t\/index.php?rest_route=\/wp\/v2\/posts\/5731","targetHints":{"allow":["GET"]}}],"collection":[{"href":"http:\/\/wgphoto.pl\/t\/index.php?rest_route=\/wp\/v2\/posts"}],"about":[{"href":"http:\/\/wgphoto.pl\/t\/index.php?rest_route=\/wp\/v2\/types\/post"}],"author":[{"embeddable":true,"href":"http:\/\/wgphoto.pl\/t\/index.php?rest_route=\/wp\/v2\/users\/1"}],"replies":[{"embeddable":true,"href":"http:\/\/wgphoto.pl\/t\/index.php?rest_route=%2Fwp%2Fv2%2Fcomments&post=5731"}],"version-history":[{"count":1,"href":"http:\/\/wgphoto.pl\/t\/index.php?rest_route=\/wp\/v2\/posts\/5731\/revisions"}],"predecessor-version":[{"id":5733,"href":"http:\/\/wgphoto.pl\/t\/index.php?rest_route=\/wp\/v2\/posts\/5731\/revisions\/5733"}],"wp:featuredmedia":[{"embeddable":true,"href":"http:\/\/wgphoto.pl\/t\/index.php?rest_route=\/wp\/v2\/media\/5732"}],"wp:attachment":[{"href":"http:\/\/wgphoto.pl\/t\/index.php?rest_route=%2Fwp%2Fv2%2Fmedia&parent=5731"}],"wp:term":[{"taxonomy":"category","embeddable":true,"href":"http:\/\/wgphoto.pl\/t\/index.php?rest_route=%2Fwp%2Fv2%2Fcategories&post=5731"},{"taxonomy":"post_tag","embeddable":true,"href":"http:\/\/wgphoto.pl\/t\/index.php?rest_route=%2Fwp%2Fv2%2Ftags&post=5731"}],"curies":[{"name":"wp","href":"https:\/\/api.w.org\/{rel}","templated":true}]}}