{"id":5737,"date":"2024-11-14T18:48:32","date_gmt":"2024-11-14T17:48:32","guid":{"rendered":"https:\/\/wgphoto.pl\/t\/?p=5737"},"modified":"2024-11-14T18:48:32","modified_gmt":"2024-11-14T17:48:32","slug":"nachod-spod-wiaty","status":"publish","type":"post","link":"http:\/\/wgphoto.pl\/t\/?p=5737","title":{"rendered":"N\u00e1chod spod wiaty"},"content":{"rendered":"\n<figure class=\"wp-block-image aligncenter size-full\"><img loading=\"lazy\" decoding=\"async\" width=\"1200\" height=\"803\" src=\"https:\/\/wgphoto.pl\/t\/wp-content\/uploads\/2024\/11\/IMGP0080.jpg\" alt=\"\" class=\"wp-image-5738\" srcset=\"http:\/\/wgphoto.pl\/t\/wp-content\/uploads\/2024\/11\/IMGP0080.jpg 1200w, http:\/\/wgphoto.pl\/t\/wp-content\/uploads\/2024\/11\/IMGP0080-300x201.jpg 300w, http:\/\/wgphoto.pl\/t\/wp-content\/uploads\/2024\/11\/IMGP0080-768x514.jpg 768w\" sizes=\"auto, (max-width: 1200px) 100vw, 1200px\" \/><\/figure>\n\n\n\n<div class=\"wp-block-group has-global-padding is-layout-constrained wp-block-group-is-layout-constrained\">\n<p>N\u00e1chod. Kierownik poci\u0105gu ju\u017c obserwuje semafor wyjazdowy, by za chwil\u0119 poda\u0107 sygna\u0142 odjazdu dla wieczornego kursu 5107 do stacji Choce\u0148, obs\u0142ugiwanego tego dnia motorakiem 810 665-0 o imieniu Eli\u0161ka. 13.10.2012<\/p>\n<\/div>\n","protected":false},"excerpt":{"rendered":"<p>N\u00e1chod. Kierownik poci\u0105gu ju\u017c obserwuje semafor wyjazdowy, by za chwil\u0119 poda\u0107 sygna\u0142 odjazdu dla wieczornego kursu 5107 do stacji Choce\u0148, obs\u0142ugiwanego tego dnia motorakiem 810 665-0 o imieniu Eli\u0161ka. 13.10.2012<\/p>\n","protected":false},"author":1,"featured_media":5738,"comment_status":"open","ping_status":"","sticky":false,"template":"","format":"standard","meta":{"footnotes":""},"categories":[2,46],"tags":[1870,92,50,49,196,2193,154,24,1720],"class_list":["post-5737","post","type-post","status-publish","format-standard","has-post-thumbnail","hentry","category-kolej","category-rok-2012","tag-2012-10-13","tag-92","tag-cd","tag-czechy","tag-linie-raczej-lokalne","tag-nachod","tag-noc","tag-perony","tag-tab-cz026"],"_links":{"self":[{"href":"http:\/\/wgphoto.pl\/t\/index.php?rest_route=\/wp\/v2\/posts\/5737","targetHints":{"allow":["GET"]}}],"collection":[{"href":"http:\/\/wgphoto.pl\/t\/index.php?rest_route=\/wp\/v2\/posts"}],"about":[{"href":"http:\/\/wgphoto.pl\/t\/index.php?rest_route=\/wp\/v2\/types\/post"}],"author":[{"embeddable":true,"href":"http:\/\/wgphoto.pl\/t\/index.php?rest_route=\/wp\/v2\/users\/1"}],"replies":[{"embeddable":true,"href":"http:\/\/wgphoto.pl\/t\/index.php?rest_route=%2Fwp%2Fv2%2Fcomments&post=5737"}],"version-history":[{"count":1,"href":"http:\/\/wgphoto.pl\/t\/index.php?rest_route=\/wp\/v2\/posts\/5737\/revisions"}],"predecessor-version":[{"id":5739,"href":"http:\/\/wgphoto.pl\/t\/index.php?rest_route=\/wp\/v2\/posts\/5737\/revisions\/5739"}],"wp:featuredmedia":[{"embeddable":true,"href":"http:\/\/wgphoto.pl\/t\/index.php?rest_route=\/wp\/v2\/media\/5738"}],"wp:attachment":[{"href":"http:\/\/wgphoto.pl\/t\/index.php?rest_route=%2Fwp%2Fv2%2Fmedia&parent=5737"}],"wp:term":[{"taxonomy":"category","embeddable":true,"href":"http:\/\/wgphoto.pl\/t\/index.php?rest_route=%2Fwp%2Fv2%2Fcategories&post=5737"},{"taxonomy":"post_tag","embeddable":true,"href":"http:\/\/wgphoto.pl\/t\/index.php?rest_route=%2Fwp%2Fv2%2Ftags&post=5737"}],"curies":[{"name":"wp","href":"https:\/\/api.w.org\/{rel}","templated":true}]}}