{"id":5743,"date":"2024-11-14T18:54:50","date_gmt":"2024-11-14T17:54:50","guid":{"rendered":"https:\/\/wgphoto.pl\/t\/?p=5743"},"modified":"2024-11-14T18:55:41","modified_gmt":"2024-11-14T17:55:41","slug":"3-w-1","status":"publish","type":"post","link":"http:\/\/wgphoto.pl\/t\/?p=5743","title":{"rendered":"3 w 1"},"content":{"rendered":"\n<figure class=\"wp-block-image aligncenter size-full\"><img loading=\"lazy\" decoding=\"async\" width=\"1200\" height=\"795\" src=\"https:\/\/wgphoto.pl\/t\/wp-content\/uploads\/2024\/11\/IMGP9093.jpg\" alt=\"\" class=\"wp-image-5744\" srcset=\"http:\/\/wgphoto.pl\/t\/wp-content\/uploads\/2024\/11\/IMGP9093.jpg 1200w, http:\/\/wgphoto.pl\/t\/wp-content\/uploads\/2024\/11\/IMGP9093-300x199.jpg 300w, http:\/\/wgphoto.pl\/t\/wp-content\/uploads\/2024\/11\/IMGP9093-768x509.jpg 768w\" sizes=\"auto, (max-width: 1200px) 100vw, 1200px\" \/><\/figure>\n\n\n\n<div class=\"wp-block-group has-global-padding is-layout-constrained wp-block-group-is-layout-constrained\">\n<p>Poci\u0105g osobowy 5484 ze Star\u00e9 Paky sko\u0144czy\u0142 bieg, lecz na jego ty\u0142 wprost ze szlaku naje\u017cd\u017ca osobak 5425 z Tanvaldu do Turnova, dok\u0105d to udadz\u0105 si\u0119 za chwil\u0119 po\u0142\u0105czone sk\u0142ady. Stamt\u0105d pierwsze dwa wagony pojad\u0105 do Liberca, dwa kolejne za\u015b &#8211; jako rychlik do Pragi (wagony bezpo\u015brednie Star\u00e1 Paka &#8211; Liberec oraz Tanvald &#8211; Praha-Vr\u0161ovice s\u0105 wskazywane w rozk\u0142adzie jazdy). Trzecim spo\u015br\u00f3d tytu\u0142owych poci\u0105g\u00f3w jest regionova podes\u0142ana do \u017delezn\u00e9ho Brodu na ko\u0144cu poci\u0105gu Tanvald &#8211; Turnov (- Praga) na zag\u0119szczaj\u0105cy takt, szczytowy kurs relacji \u017delezn\u00fd Brod &#8211; Tanvald.<br>Motorowe wozy serii 843 s\u0105 jednymi z nielicznych pojazd\u00f3w trakcyjnych w Czechach, nieposiadaj\u0105cych przedstawiciela w malowaniu historycznym. Przyczyna jest prosta &#8211; ich lata budowy, 1995-1997, to ju\u017c okres obowi\u0105zywania nowszego, kremowo-czerwonego malowania. 30.12.2014<\/p>\n<\/div>\n","protected":false},"excerpt":{"rendered":"<p>Poci\u0105g osobowy 5484 ze Star\u00e9 Paky sko\u0144czy\u0142 bieg, lecz na jego ty\u0142 wprost ze szlaku naje\u017cd\u017ca osobak 5425 z Tanvaldu do Turnova, dok\u0105d to udadz\u0105 si\u0119 za chwil\u0119 po\u0142\u0105czone sk\u0142ady. Stamt\u0105d pierwsze dwa wagony pojad\u0105 do Liberca, dwa kolejne za\u015b &#8211; jako rychlik do Pragi (wagony bezpo\u015brednie Star\u00e1 Paka &#8211; Liberec oraz Tanvald &#8211; Praha-Vr\u0161ovice [&hellip;]<\/p>\n","protected":false},"author":1,"featured_media":5744,"comment_status":"open","ping_status":"","sticky":false,"template":"","format":"standard","meta":{"footnotes":""},"categories":[2,48],"tags":[1875,619,50,49,24,44,2196,2195],"class_list":["post-5743","post","type-post","status-publish","format-standard","has-post-thumbnail","hentry","category-kolej","category-rok-2014","tag-2014-12-30","tag-619","tag-cd","tag-czechy","tag-perony","tag-snieg","tag-tab-cz030","tag-zelezny-brod"],"_links":{"self":[{"href":"http:\/\/wgphoto.pl\/t\/index.php?rest_route=\/wp\/v2\/posts\/5743","targetHints":{"allow":["GET"]}}],"collection":[{"href":"http:\/\/wgphoto.pl\/t\/index.php?rest_route=\/wp\/v2\/posts"}],"about":[{"href":"http:\/\/wgphoto.pl\/t\/index.php?rest_route=\/wp\/v2\/types\/post"}],"author":[{"embeddable":true,"href":"http:\/\/wgphoto.pl\/t\/index.php?rest_route=\/wp\/v2\/users\/1"}],"replies":[{"embeddable":true,"href":"http:\/\/wgphoto.pl\/t\/index.php?rest_route=%2Fwp%2Fv2%2Fcomments&post=5743"}],"version-history":[{"count":2,"href":"http:\/\/wgphoto.pl\/t\/index.php?rest_route=\/wp\/v2\/posts\/5743\/revisions"}],"predecessor-version":[{"id":5746,"href":"http:\/\/wgphoto.pl\/t\/index.php?rest_route=\/wp\/v2\/posts\/5743\/revisions\/5746"}],"wp:featuredmedia":[{"embeddable":true,"href":"http:\/\/wgphoto.pl\/t\/index.php?rest_route=\/wp\/v2\/media\/5744"}],"wp:attachment":[{"href":"http:\/\/wgphoto.pl\/t\/index.php?rest_route=%2Fwp%2Fv2%2Fmedia&parent=5743"}],"wp:term":[{"taxonomy":"category","embeddable":true,"href":"http:\/\/wgphoto.pl\/t\/index.php?rest_route=%2Fwp%2Fv2%2Fcategories&post=5743"},{"taxonomy":"post_tag","embeddable":true,"href":"http:\/\/wgphoto.pl\/t\/index.php?rest_route=%2Fwp%2Fv2%2Ftags&post=5743"}],"curies":[{"name":"wp","href":"https:\/\/api.w.org\/{rel}","templated":true}]}}