{"id":5747,"date":"2024-11-14T18:57:42","date_gmt":"2024-11-14T17:57:42","guid":{"rendered":"https:\/\/wgphoto.pl\/t\/?p=5747"},"modified":"2024-11-14T18:57:42","modified_gmt":"2024-11-14T17:57:42","slug":"ktm-5-nr-436","status":"publish","type":"post","link":"http:\/\/wgphoto.pl\/t\/?p=5747","title":{"rendered":"KTM-5 nr 436"},"content":{"rendered":"\n<figure class=\"wp-block-image aligncenter size-full\"><img loading=\"lazy\" decoding=\"async\" width=\"1200\" height=\"803\" src=\"https:\/\/wgphoto.pl\/t\/wp-content\/uploads\/2024\/11\/IMGP5423.jpg\" alt=\"\" class=\"wp-image-5748\" srcset=\"http:\/\/wgphoto.pl\/t\/wp-content\/uploads\/2024\/11\/IMGP5423.jpg 1200w, http:\/\/wgphoto.pl\/t\/wp-content\/uploads\/2024\/11\/IMGP5423-300x201.jpg 300w, http:\/\/wgphoto.pl\/t\/wp-content\/uploads\/2024\/11\/IMGP5423-768x514.jpg 768w\" sizes=\"auto, (max-width: 1200px) 100vw, 1200px\" \/><\/figure>\n\n\n\n<div class=\"wp-block-group has-global-padding is-layout-constrained wp-block-group-is-layout-constrained\">\n<p>Krzywy R\u00f3g, ul. Rjazanowa. KTM-5 436 zbli\u017ca si\u0119 do w\u0119z\u0142a przesiadkowego na szybki tramwaj, \u017cycz\u0105c pasa\u017cerom &#8211; zgodnie z napisem umieszczonym obok numeru linii &#8211; szcz\u0119\u015bliwej podr\u00f3\u017cy. 2010-08-04<\/p>\n<\/div>\n","protected":false},"excerpt":{"rendered":"<p>Krzywy R\u00f3g, ul. Rjazanowa. KTM-5 436 zbli\u017ca si\u0119 do w\u0119z\u0142a przesiadkowego na szybki tramwaj, \u017cycz\u0105c pasa\u017cerom &#8211; zgodnie z napisem umieszczonym obok numeru linii &#8211; szcz\u0119\u015bliwej podr\u00f3\u017cy. 2010-08-04<\/p>\n","protected":false},"author":1,"featured_media":5748,"comment_status":"open","ping_status":"","sticky":false,"template":"","format":"standard","meta":{"footnotes":""},"categories":[86,3],"tags":[2069,2070,617,118,453],"class_list":["post-5747","post","type-post","status-publish","format-standard","has-post-thumbnail","hentry","category-rok-2010","category-tramwaj","tag-2010-08-04","tag-krzywy-rog","tag-ktm-5","tag-plany-i-profile","tag-ukraina"],"_links":{"self":[{"href":"http:\/\/wgphoto.pl\/t\/index.php?rest_route=\/wp\/v2\/posts\/5747","targetHints":{"allow":["GET"]}}],"collection":[{"href":"http:\/\/wgphoto.pl\/t\/index.php?rest_route=\/wp\/v2\/posts"}],"about":[{"href":"http:\/\/wgphoto.pl\/t\/index.php?rest_route=\/wp\/v2\/types\/post"}],"author":[{"embeddable":true,"href":"http:\/\/wgphoto.pl\/t\/index.php?rest_route=\/wp\/v2\/users\/1"}],"replies":[{"embeddable":true,"href":"http:\/\/wgphoto.pl\/t\/index.php?rest_route=%2Fwp%2Fv2%2Fcomments&post=5747"}],"version-history":[{"count":1,"href":"http:\/\/wgphoto.pl\/t\/index.php?rest_route=\/wp\/v2\/posts\/5747\/revisions"}],"predecessor-version":[{"id":5749,"href":"http:\/\/wgphoto.pl\/t\/index.php?rest_route=\/wp\/v2\/posts\/5747\/revisions\/5749"}],"wp:featuredmedia":[{"embeddable":true,"href":"http:\/\/wgphoto.pl\/t\/index.php?rest_route=\/wp\/v2\/media\/5748"}],"wp:attachment":[{"href":"http:\/\/wgphoto.pl\/t\/index.php?rest_route=%2Fwp%2Fv2%2Fmedia&parent=5747"}],"wp:term":[{"taxonomy":"category","embeddable":true,"href":"http:\/\/wgphoto.pl\/t\/index.php?rest_route=%2Fwp%2Fv2%2Fcategories&post=5747"},{"taxonomy":"post_tag","embeddable":true,"href":"http:\/\/wgphoto.pl\/t\/index.php?rest_route=%2Fwp%2Fv2%2Ftags&post=5747"}],"curies":[{"name":"wp","href":"https:\/\/api.w.org\/{rel}","templated":true}]}}