{"id":5783,"date":"2024-11-16T10:33:02","date_gmt":"2024-11-16T09:33:02","guid":{"rendered":"https:\/\/wgphoto.pl\/t\/?p=5783"},"modified":"2024-11-16T10:33:02","modified_gmt":"2024-11-16T09:33:02","slug":"praha-bubenec","status":"publish","type":"post","link":"http:\/\/wgphoto.pl\/t\/?p=5783","title":{"rendered":"Praha-Bubene\u010d"},"content":{"rendered":"\n<figure class=\"wp-block-image aligncenter size-full\"><img loading=\"lazy\" decoding=\"async\" width=\"1300\" height=\"813\" src=\"https:\/\/wgphoto.pl\/t\/wp-content\/uploads\/2024\/11\/IMGP3777.jpg\" alt=\"\" class=\"wp-image-5784\" srcset=\"http:\/\/wgphoto.pl\/t\/wp-content\/uploads\/2024\/11\/IMGP3777.jpg 1300w, http:\/\/wgphoto.pl\/t\/wp-content\/uploads\/2024\/11\/IMGP3777-300x188.jpg 300w, http:\/\/wgphoto.pl\/t\/wp-content\/uploads\/2024\/11\/IMGP3777-768x480.jpg 768w\" sizes=\"auto, (max-width: 1300px) 100vw, 1300px\" \/><\/figure>\n\n\n\n<div class=\"wp-block-group has-global-padding is-layout-constrained wp-block-group-is-layout-constrained\">\n<p>451.026\/025 jako poci\u0105g osobowy 9654 relacji Praha Masarykovo N\u00e1dra\u017e\u00ed &#8211; Kralupy nad Vltavou zatrzymuje si\u0119 na stacji Praha-Bubene\u010d, gdzie trwaj\u0105 ju\u017c prace modernizacyjne. Po ich zako\u0144czeniu post\u00f3j handlowy poci\u0105g\u00f3w osobowych przeniesiono kilkaset metr\u00f3w dalej, na nowowybudowany przystanek Praha-Podbaba, gdzie powsta\u0142 dogodny w\u0119ze\u0142 przesiadkowy przy (r\u00f3wnie\u017c nowej) p\u0119tli tramwajowej. 01.04.2014<\/p>\n<\/div>\n","protected":false},"excerpt":{"rendered":"<p>451.026\/025 jako poci\u0105g osobowy 9654 relacji Praha Masarykovo N\u00e1dra\u017e\u00ed &#8211; Kralupy nad Vltavou zatrzymuje si\u0119 na stacji Praha-Bubene\u010d, gdzie trwaj\u0105 ju\u017c prace modernizacyjne. Po ich zako\u0144czeniu post\u00f3j handlowy poci\u0105g\u00f3w osobowych przeniesiono kilkaset metr\u00f3w dalej, na nowowybudowany przystanek Praha-Podbaba, gdzie powsta\u0142 dogodny w\u0119ze\u0142 przesiadkowy przy (r\u00f3wnie\u017c nowej) p\u0119tli tramwajowej. 01.04.2014<\/p>\n","protected":false},"author":1,"featured_media":5784,"comment_status":"open","ping_status":"","sticky":false,"template":"","format":"standard","meta":{"footnotes":""},"categories":[2,48],"tags":[702,972,50,49,151,52,2201,139,704],"class_list":["post-5783","post","type-post","status-publish","format-standard","has-post-thumbnail","hentry","category-kolej","category-rok-2014","tag-2014-04-01","tag-972","tag-cd","tag-czechy","tag-ludzie","tag-praga","tag-praha-bubenec","tag-retro","tag-tab-cz091"],"_links":{"self":[{"href":"http:\/\/wgphoto.pl\/t\/index.php?rest_route=\/wp\/v2\/posts\/5783","targetHints":{"allow":["GET"]}}],"collection":[{"href":"http:\/\/wgphoto.pl\/t\/index.php?rest_route=\/wp\/v2\/posts"}],"about":[{"href":"http:\/\/wgphoto.pl\/t\/index.php?rest_route=\/wp\/v2\/types\/post"}],"author":[{"embeddable":true,"href":"http:\/\/wgphoto.pl\/t\/index.php?rest_route=\/wp\/v2\/users\/1"}],"replies":[{"embeddable":true,"href":"http:\/\/wgphoto.pl\/t\/index.php?rest_route=%2Fwp%2Fv2%2Fcomments&post=5783"}],"version-history":[{"count":1,"href":"http:\/\/wgphoto.pl\/t\/index.php?rest_route=\/wp\/v2\/posts\/5783\/revisions"}],"predecessor-version":[{"id":5785,"href":"http:\/\/wgphoto.pl\/t\/index.php?rest_route=\/wp\/v2\/posts\/5783\/revisions\/5785"}],"wp:featuredmedia":[{"embeddable":true,"href":"http:\/\/wgphoto.pl\/t\/index.php?rest_route=\/wp\/v2\/media\/5784"}],"wp:attachment":[{"href":"http:\/\/wgphoto.pl\/t\/index.php?rest_route=%2Fwp%2Fv2%2Fmedia&parent=5783"}],"wp:term":[{"taxonomy":"category","embeddable":true,"href":"http:\/\/wgphoto.pl\/t\/index.php?rest_route=%2Fwp%2Fv2%2Fcategories&post=5783"},{"taxonomy":"post_tag","embeddable":true,"href":"http:\/\/wgphoto.pl\/t\/index.php?rest_route=%2Fwp%2Fv2%2Ftags&post=5783"}],"curies":[{"name":"wp","href":"https:\/\/api.w.org\/{rel}","templated":true}]}}