{"id":5786,"date":"2024-11-16T10:34:05","date_gmt":"2024-11-16T09:34:05","guid":{"rendered":"https:\/\/wgphoto.pl\/t\/?p=5786"},"modified":"2024-11-16T10:34:05","modified_gmt":"2024-11-16T09:34:05","slug":"logistyka-poziom-master","status":"publish","type":"post","link":"http:\/\/wgphoto.pl\/t\/?p=5786","title":{"rendered":"Logistyka poziom master"},"content":{"rendered":"\n<figure class=\"wp-block-image aligncenter size-full\"><img loading=\"lazy\" decoding=\"async\" width=\"1300\" height=\"861\" src=\"https:\/\/wgphoto.pl\/t\/wp-content\/uploads\/2024\/11\/IMGP3690.jpg\" alt=\"\" class=\"wp-image-5787\" srcset=\"http:\/\/wgphoto.pl\/t\/wp-content\/uploads\/2024\/11\/IMGP3690.jpg 1300w, http:\/\/wgphoto.pl\/t\/wp-content\/uploads\/2024\/11\/IMGP3690-300x199.jpg 300w, http:\/\/wgphoto.pl\/t\/wp-content\/uploads\/2024\/11\/IMGP3690-768x509.jpg 768w\" sizes=\"auto, (max-width: 1300px) 100vw, 1300px\" \/><\/figure>\n\n\n\n<div class=\"wp-block-group has-global-padding is-layout-constrained wp-block-group-is-layout-constrained\">\n<p>Magdeburg, Hasselbachplatz, sk\u0142ad ex-berli\u0144skich(!) Tatr KT4DM 1288+1289. Magdeburg nie dosta\u0142 fabrycznie nowych wagon\u00f3w serii KT4D, lecz w 2020 roku(!) kupi\u0142 8 u\u017cywanych woz\u00f3w aby zast\u0105pi\u0107 w\u0142asne Tatry serii T4D i T6A2. Nie za bardzo rozumiem ten manewr, ale &#8222;nowe&#8221; tramwaje sta\u0142y si\u0119 niema\u0142\u0105 ciekawostk\u0105. Poniewa\u017c by\u0142em ju\u017c w Magdeburgu, nie bardzo chcia\u0142o mi si\u0119 tam jecha\u0107 tylko po to, by sfotografowa\u0107 Tatry. Okazja pojawi\u0142a si\u0119 nieoczekiwanie, gdy wymy\u015bli\u0142em sobie wizyt\u0119 najpierw w Brandenburgu nad Hawel\u0105, a nast\u0119pnie w Halberstadt. Gdzie w tej bajce jest Magdeburg? Mniej wi\u0119cej w po\u0142owie drogi. Dodatkowo, jako najwi\u0119ksze miasto w okolicy &#8211; z najwi\u0119ksz\u0105 baz\u0105 noclegow\u0105. A poniewa\u017c Tatry je\u017cd\u017c\u0105 g\u0142\u00f3wnie w szczycie, wystarczy\u0142o wsta\u0107 rano godzin\u0119 przed poci\u0105giem do Halberstadt i voil\u00e0! 17.09.2021<\/p>\n<\/div>\n","protected":false},"excerpt":{"rendered":"<p>Magdeburg, Hasselbachplatz, sk\u0142ad ex-berli\u0144skich(!) Tatr KT4DM 1288+1289. Magdeburg nie dosta\u0142 fabrycznie nowych wagon\u00f3w serii KT4D, lecz w 2020 roku(!) kupi\u0142 8 u\u017cywanych woz\u00f3w aby zast\u0105pi\u0107 w\u0142asne Tatry serii T4D i T6A2. Nie za bardzo rozumiem ten manewr, ale &#8222;nowe&#8221; tramwaje sta\u0142y si\u0119 niema\u0142\u0105 ciekawostk\u0105. Poniewa\u017c by\u0142em ju\u017c w Magdeburgu, nie bardzo chcia\u0142o mi si\u0119 tam [&hellip;]<\/p>\n","protected":false},"author":1,"featured_media":5787,"comment_status":"open","ping_status":"","sticky":false,"template":"","format":"standard","meta":{"footnotes":""},"categories":[681,3],"tags":[2203,34,1405,1406,23,2202,143,176,33],"class_list":["post-5786","post","type-post","status-publish","format-standard","has-post-thumbnail","hentry","category-rok-2021","category-tramwaj","tag-2021-09-17","tag-architektura","tag-magdeburg","tag-mvb-magdeburg","tag-niemcy","tag-niemieckie-wakacje-2021","tag-ponad-30m","tag-rano","tag-tatra-kt4"],"_links":{"self":[{"href":"http:\/\/wgphoto.pl\/t\/index.php?rest_route=\/wp\/v2\/posts\/5786","targetHints":{"allow":["GET"]}}],"collection":[{"href":"http:\/\/wgphoto.pl\/t\/index.php?rest_route=\/wp\/v2\/posts"}],"about":[{"href":"http:\/\/wgphoto.pl\/t\/index.php?rest_route=\/wp\/v2\/types\/post"}],"author":[{"embeddable":true,"href":"http:\/\/wgphoto.pl\/t\/index.php?rest_route=\/wp\/v2\/users\/1"}],"replies":[{"embeddable":true,"href":"http:\/\/wgphoto.pl\/t\/index.php?rest_route=%2Fwp%2Fv2%2Fcomments&post=5786"}],"version-history":[{"count":1,"href":"http:\/\/wgphoto.pl\/t\/index.php?rest_route=\/wp\/v2\/posts\/5786\/revisions"}],"predecessor-version":[{"id":5788,"href":"http:\/\/wgphoto.pl\/t\/index.php?rest_route=\/wp\/v2\/posts\/5786\/revisions\/5788"}],"wp:featuredmedia":[{"embeddable":true,"href":"http:\/\/wgphoto.pl\/t\/index.php?rest_route=\/wp\/v2\/media\/5787"}],"wp:attachment":[{"href":"http:\/\/wgphoto.pl\/t\/index.php?rest_route=%2Fwp%2Fv2%2Fmedia&parent=5786"}],"wp:term":[{"taxonomy":"category","embeddable":true,"href":"http:\/\/wgphoto.pl\/t\/index.php?rest_route=%2Fwp%2Fv2%2Fcategories&post=5786"},{"taxonomy":"post_tag","embeddable":true,"href":"http:\/\/wgphoto.pl\/t\/index.php?rest_route=%2Fwp%2Fv2%2Ftags&post=5786"}],"curies":[{"name":"wp","href":"https:\/\/api.w.org\/{rel}","templated":true}]}}