{"id":5818,"date":"2024-11-16T10:45:03","date_gmt":"2024-11-16T09:45:03","guid":{"rendered":"https:\/\/wgphoto.pl\/t\/?p=5818"},"modified":"2024-11-16T10:45:03","modified_gmt":"2024-11-16T09:45:03","slug":"podworkowy-pociag","status":"publish","type":"post","link":"http:\/\/wgphoto.pl\/t\/?p=5818","title":{"rendered":"Podw\u00f3rkowy poci\u0105g"},"content":{"rendered":"\n<figure class=\"wp-block-image aligncenter size-full\"><img loading=\"lazy\" decoding=\"async\" width=\"1300\" height=\"862\" src=\"https:\/\/wgphoto.pl\/t\/wp-content\/uploads\/2024\/11\/0804-03a.jpg\" alt=\"\" class=\"wp-image-5819\" srcset=\"http:\/\/wgphoto.pl\/t\/wp-content\/uploads\/2024\/11\/0804-03a.jpg 1300w, http:\/\/wgphoto.pl\/t\/wp-content\/uploads\/2024\/11\/0804-03a-300x199.jpg 300w, http:\/\/wgphoto.pl\/t\/wp-content\/uploads\/2024\/11\/0804-03a-768x509.jpg 768w\" sizes=\"auto, (max-width: 1300px) 100vw, 1300px\" \/><\/figure>\n\n\n\n<div class=\"wp-block-group has-global-padding is-layout-constrained wp-block-group-is-layout-constrained\">\n<p>SU42-519 z poci\u0105giem osobowym 4021 relacji Kamieniec Z\u0105bk. &#8211; Jaworzyna \u015al. opuszcza stacj\u0119 \u015awidnica Miasto. To by\u0142 w\u00f3wczas jedyny poci\u0105g pasa\u017cerski na tym odcinku planowo zestawiany z lokomotywy i wagon\u00f3w. 11.03.2008<\/p>\n<\/div>\n","protected":false},"excerpt":{"rendered":"<p>SU42-519 z poci\u0105giem osobowym 4021 relacji Kamieniec Z\u0105bk. &#8211; Jaworzyna \u015al. opuszcza stacj\u0119 \u015awidnica Miasto. To by\u0142 w\u00f3wczas jedyny poci\u0105g pasa\u017cerski na tym odcinku planowo zestawiany z lokomotywy i wagon\u00f3w. 11.03.2008<\/p>\n","protected":false},"author":1,"featured_media":5819,"comment_status":"open","ping_status":"","sticky":false,"template":"","format":"standard","meta":{"footnotes":""},"categories":[62,2,120],"tags":[2135,34,63,27,250,1019,319],"class_list":["post-5818","post","type-post","status-publish","format-standard","has-post-thumbnail","hentry","category-analog","category-kolej","category-rok-2008","tag-2008-03-11","tag-architektura","tag-pkp","tag-polska","tag-su42","tag-swidnica-miasto","tag-tab-pl235"],"_links":{"self":[{"href":"http:\/\/wgphoto.pl\/t\/index.php?rest_route=\/wp\/v2\/posts\/5818","targetHints":{"allow":["GET"]}}],"collection":[{"href":"http:\/\/wgphoto.pl\/t\/index.php?rest_route=\/wp\/v2\/posts"}],"about":[{"href":"http:\/\/wgphoto.pl\/t\/index.php?rest_route=\/wp\/v2\/types\/post"}],"author":[{"embeddable":true,"href":"http:\/\/wgphoto.pl\/t\/index.php?rest_route=\/wp\/v2\/users\/1"}],"replies":[{"embeddable":true,"href":"http:\/\/wgphoto.pl\/t\/index.php?rest_route=%2Fwp%2Fv2%2Fcomments&post=5818"}],"version-history":[{"count":1,"href":"http:\/\/wgphoto.pl\/t\/index.php?rest_route=\/wp\/v2\/posts\/5818\/revisions"}],"predecessor-version":[{"id":5820,"href":"http:\/\/wgphoto.pl\/t\/index.php?rest_route=\/wp\/v2\/posts\/5818\/revisions\/5820"}],"wp:featuredmedia":[{"embeddable":true,"href":"http:\/\/wgphoto.pl\/t\/index.php?rest_route=\/wp\/v2\/media\/5819"}],"wp:attachment":[{"href":"http:\/\/wgphoto.pl\/t\/index.php?rest_route=%2Fwp%2Fv2%2Fmedia&parent=5818"}],"wp:term":[{"taxonomy":"category","embeddable":true,"href":"http:\/\/wgphoto.pl\/t\/index.php?rest_route=%2Fwp%2Fv2%2Fcategories&post=5818"},{"taxonomy":"post_tag","embeddable":true,"href":"http:\/\/wgphoto.pl\/t\/index.php?rest_route=%2Fwp%2Fv2%2Ftags&post=5818"}],"curies":[{"name":"wp","href":"https:\/\/api.w.org\/{rel}","templated":true}]}}