{"id":582,"date":"2024-09-29T21:59:05","date_gmt":"2024-09-29T19:59:05","guid":{"rendered":"https:\/\/wgphoto.pl\/t\/?p=582"},"modified":"2024-09-29T21:59:05","modified_gmt":"2024-09-29T19:59:05","slug":"praterstern","status":"publish","type":"post","link":"http:\/\/wgphoto.pl\/t\/?p=582","title":{"rendered":"Praterstern"},"content":{"rendered":"\n<figure class=\"wp-block-image aligncenter size-full\"><img loading=\"lazy\" decoding=\"async\" width=\"1200\" height=\"803\" src=\"https:\/\/wgphoto.pl\/t\/wp-content\/uploads\/IMGP0961.jpg\" alt=\"\" class=\"wp-image-583\" srcset=\"http:\/\/wgphoto.pl\/t\/wp-content\/uploads\/IMGP0961.jpg 1200w, http:\/\/wgphoto.pl\/t\/wp-content\/uploads\/IMGP0961-300x201.jpg 300w, http:\/\/wgphoto.pl\/t\/wp-content\/uploads\/IMGP0961-768x514.jpg 768w\" sizes=\"auto, (max-width: 1200px) 100vw, 1200px\" \/><\/figure>\n\n\n\n<div class=\"wp-block-group has-global-padding is-layout-constrained wp-block-group-is-layout-constrained\">\n<p>Klasyczny zestaw E1+c3 oczekuje pory odjazdu z tytu\u0142owego w\u0119z\u0142a jako linia o literowym oznaczeniu 'O&#8217;. 11.12.2009<\/p>\n<\/div>\n","protected":false},"excerpt":{"rendered":"<p>Klasyczny zestaw E1+c3 oczekuje pory odjazdu z tytu\u0142owego w\u0119z\u0142a jako linia o literowym oznaczeniu 'O&#8217;. 11.12.2009<\/p>\n","protected":false},"author":1,"featured_media":583,"comment_status":"open","ping_status":"","sticky":false,"template":"","format":"standard","meta":{"footnotes":""},"categories":[169,3],"tags":[268,9,13,102,101,179,154,97,98],"class_list":["post-582","post","type-post","status-publish","format-standard","has-post-thumbnail","hentry","category-rok-2009","category-tramwaj","tag-2009-12-11","tag-austria","tag-deszcz","tag-e1","tag-gt6","tag-hala-peronowa","tag-noc","tag-wieden","tag-wiener-linien"],"_links":{"self":[{"href":"http:\/\/wgphoto.pl\/t\/index.php?rest_route=\/wp\/v2\/posts\/582","targetHints":{"allow":["GET"]}}],"collection":[{"href":"http:\/\/wgphoto.pl\/t\/index.php?rest_route=\/wp\/v2\/posts"}],"about":[{"href":"http:\/\/wgphoto.pl\/t\/index.php?rest_route=\/wp\/v2\/types\/post"}],"author":[{"embeddable":true,"href":"http:\/\/wgphoto.pl\/t\/index.php?rest_route=\/wp\/v2\/users\/1"}],"replies":[{"embeddable":true,"href":"http:\/\/wgphoto.pl\/t\/index.php?rest_route=%2Fwp%2Fv2%2Fcomments&post=582"}],"version-history":[{"count":1,"href":"http:\/\/wgphoto.pl\/t\/index.php?rest_route=\/wp\/v2\/posts\/582\/revisions"}],"predecessor-version":[{"id":584,"href":"http:\/\/wgphoto.pl\/t\/index.php?rest_route=\/wp\/v2\/posts\/582\/revisions\/584"}],"wp:featuredmedia":[{"embeddable":true,"href":"http:\/\/wgphoto.pl\/t\/index.php?rest_route=\/wp\/v2\/media\/583"}],"wp:attachment":[{"href":"http:\/\/wgphoto.pl\/t\/index.php?rest_route=%2Fwp%2Fv2%2Fmedia&parent=582"}],"wp:term":[{"taxonomy":"category","embeddable":true,"href":"http:\/\/wgphoto.pl\/t\/index.php?rest_route=%2Fwp%2Fv2%2Fcategories&post=582"},{"taxonomy":"post_tag","embeddable":true,"href":"http:\/\/wgphoto.pl\/t\/index.php?rest_route=%2Fwp%2Fv2%2Ftags&post=582"}],"curies":[{"name":"wp","href":"https:\/\/api.w.org\/{rel}","templated":true}]}}