{"id":5833,"date":"2024-11-16T10:51:31","date_gmt":"2024-11-16T09:51:31","guid":{"rendered":"https:\/\/wgphoto.pl\/t\/?p=5833"},"modified":"2024-11-16T10:51:31","modified_gmt":"2024-11-16T09:51:31","slug":"chebzie-a-d-2003","status":"publish","type":"post","link":"http:\/\/wgphoto.pl\/t\/?p=5833","title":{"rendered":"Chebzie A.D. 2003"},"content":{"rendered":"\n<figure class=\"wp-block-image aligncenter size-full\"><img loading=\"lazy\" decoding=\"async\" width=\"1300\" height=\"862\" src=\"https:\/\/wgphoto.pl\/t\/wp-content\/uploads\/2024\/11\/0327-31.jpg\" alt=\"\" class=\"wp-image-5834\" srcset=\"http:\/\/wgphoto.pl\/t\/wp-content\/uploads\/2024\/11\/0327-31.jpg 1300w, http:\/\/wgphoto.pl\/t\/wp-content\/uploads\/2024\/11\/0327-31-300x199.jpg 300w, http:\/\/wgphoto.pl\/t\/wp-content\/uploads\/2024\/11\/0327-31-768x509.jpg 768w\" sizes=\"auto, (max-width: 1300px) 100vw, 1300px\" \/><\/figure>\n\n\n\n<div class=\"wp-block-group has-global-padding is-layout-constrained wp-block-group-is-layout-constrained\">\n<p>Ruda \u015al\u0105ska &#8211; Chebzie. Na p\u0119tli stoj\u0105: 105Na 721, 102Na 155 i 105Na 697+698. Dzi\u015b ju\u017c nie ma stodw\u00f3jek ani linii (i trasy) 18, gdy\u017c Ruda nie lubi tramwaj\u00f3w. 30.07.2003<\/p>\n<\/div>\n","protected":false},"excerpt":{"rendered":"<p>Ruda \u015al\u0105ska &#8211; Chebzie. Na p\u0119tli stoj\u0105: 105Na 721, 102Na 155 i 105Na 697+698. Dzi\u015b ju\u017c nie ma stodw\u00f3jek ani linii (i trasy) 18, gdy\u017c Ruda nie lubi tramwaj\u00f3w. 30.07.2003<\/p>\n","protected":false},"author":1,"featured_media":5834,"comment_status":"open","ping_status":"","sticky":false,"template":"","format":"standard","meta":{"footnotes":""},"categories":[62,149,3],"tags":[155,1090,277,309,27,1767,1842,279],"class_list":["post-5833","post","type-post","status-publish","format-standard","has-post-thumbnail","hentry","category-analog","category-rok-2003","category-tramwaj","tag-105na","tag-2003-07-30","tag-gop","tag-konstal-102na","tag-polska","tag-porownania","tag-ruda-slaska","tag-tramwaje-slaskie"],"_links":{"self":[{"href":"http:\/\/wgphoto.pl\/t\/index.php?rest_route=\/wp\/v2\/posts\/5833","targetHints":{"allow":["GET"]}}],"collection":[{"href":"http:\/\/wgphoto.pl\/t\/index.php?rest_route=\/wp\/v2\/posts"}],"about":[{"href":"http:\/\/wgphoto.pl\/t\/index.php?rest_route=\/wp\/v2\/types\/post"}],"author":[{"embeddable":true,"href":"http:\/\/wgphoto.pl\/t\/index.php?rest_route=\/wp\/v2\/users\/1"}],"replies":[{"embeddable":true,"href":"http:\/\/wgphoto.pl\/t\/index.php?rest_route=%2Fwp%2Fv2%2Fcomments&post=5833"}],"version-history":[{"count":1,"href":"http:\/\/wgphoto.pl\/t\/index.php?rest_route=\/wp\/v2\/posts\/5833\/revisions"}],"predecessor-version":[{"id":5835,"href":"http:\/\/wgphoto.pl\/t\/index.php?rest_route=\/wp\/v2\/posts\/5833\/revisions\/5835"}],"wp:featuredmedia":[{"embeddable":true,"href":"http:\/\/wgphoto.pl\/t\/index.php?rest_route=\/wp\/v2\/media\/5834"}],"wp:attachment":[{"href":"http:\/\/wgphoto.pl\/t\/index.php?rest_route=%2Fwp%2Fv2%2Fmedia&parent=5833"}],"wp:term":[{"taxonomy":"category","embeddable":true,"href":"http:\/\/wgphoto.pl\/t\/index.php?rest_route=%2Fwp%2Fv2%2Fcategories&post=5833"},{"taxonomy":"post_tag","embeddable":true,"href":"http:\/\/wgphoto.pl\/t\/index.php?rest_route=%2Fwp%2Fv2%2Ftags&post=5833"}],"curies":[{"name":"wp","href":"https:\/\/api.w.org\/{rel}","templated":true}]}}