{"id":5848,"date":"2024-11-16T10:58:45","date_gmt":"2024-11-16T09:58:45","guid":{"rendered":"https:\/\/wgphoto.pl\/t\/?p=5848"},"modified":"2024-11-16T10:58:45","modified_gmt":"2024-11-16T09:58:45","slug":"krystof-harant-ii","status":"publish","type":"post","link":"http:\/\/wgphoto.pl\/t\/?p=5848","title":{"rendered":"Kry\u0161tof Harant II"},"content":{"rendered":"\n<figure class=\"wp-block-image aligncenter size-full\"><img loading=\"lazy\" decoding=\"async\" width=\"1300\" height=\"870\" src=\"https:\/\/wgphoto.pl\/t\/wp-content\/uploads\/2024\/11\/IMGP0452.jpg\" alt=\"\" class=\"wp-image-5849\" srcset=\"http:\/\/wgphoto.pl\/t\/wp-content\/uploads\/2024\/11\/IMGP0452.jpg 1300w, http:\/\/wgphoto.pl\/t\/wp-content\/uploads\/2024\/11\/IMGP0452-300x201.jpg 300w, http:\/\/wgphoto.pl\/t\/wp-content\/uploads\/2024\/11\/IMGP0452-768x514.jpg 768w\" sizes=\"auto, (max-width: 1300px) 100vw, 1300px\" \/><\/figure>\n\n\n\n<div class=\"wp-block-group has-global-padding is-layout-constrained wp-block-group-is-layout-constrained\">\n<p>Motorak 810.670-0 za jaki\u015b czas odjedzie z Bezdru\u017eic jako poci\u0105g osobowy 27315 do P\u0148ovan. Pojazd ten nosi imi\u0119 jak w tytule na cze\u015b\u0107 <a href=\"https:\/\/en.wikipedia.org\/wiki\/Kry%C5%A1tof_Harant\">szlachcica<\/a> pochodz\u0105cego z miejscowo\u015bci, w kt\u00f3rej w\u0142a\u015bnie si\u0119 znajdujemy. To niejedyny uk\u0142on w stron\u0119 promocji regionu. Z uwagi na przypisanie pojazdu do obs\u0142ugi tej\u017ce linii, na stolikach wewn\u0105trz wyklejono mapki trasy wraz z okolicznymi atrakcjami turystycznymi. 15.04.2011<\/p>\n<\/div>\n","protected":false},"excerpt":{"rendered":"<p>Motorak 810.670-0 za jaki\u015b czas odjedzie z Bezdru\u017eic jako poci\u0105g osobowy 27315 do P\u0148ovan. Pojazd ten nosi imi\u0119 jak w tytule na cze\u015b\u0107 szlachcica pochodz\u0105cego z miejscowo\u015bci, w kt\u00f3rej w\u0142a\u015bnie si\u0119 znajdujemy. To niejedyny uk\u0142on w stron\u0119 promocji regionu. Z uwagi na przypisanie pojazdu do obs\u0142ugi tej\u017ce linii, na stolikach wewn\u0105trz wyklejono mapki trasy wraz [&hellip;]<\/p>\n","protected":false},"author":1,"featured_media":5849,"comment_status":"open","ping_status":"","sticky":false,"template":"","format":"standard","meta":{"footnotes":""},"categories":[2,77],"tags":[1954,92,2222,50,49,94,2223],"class_list":["post-5848","post","type-post","status-publish","format-standard","has-post-thumbnail","hentry","category-kolej","category-rok-2011","tag-2011-04-15","tag-92","tag-bezdruzice","tag-cd","tag-czechy","tag-na-kolejowym-koncu-swiata","tag-tab-cz177"],"_links":{"self":[{"href":"http:\/\/wgphoto.pl\/t\/index.php?rest_route=\/wp\/v2\/posts\/5848","targetHints":{"allow":["GET"]}}],"collection":[{"href":"http:\/\/wgphoto.pl\/t\/index.php?rest_route=\/wp\/v2\/posts"}],"about":[{"href":"http:\/\/wgphoto.pl\/t\/index.php?rest_route=\/wp\/v2\/types\/post"}],"author":[{"embeddable":true,"href":"http:\/\/wgphoto.pl\/t\/index.php?rest_route=\/wp\/v2\/users\/1"}],"replies":[{"embeddable":true,"href":"http:\/\/wgphoto.pl\/t\/index.php?rest_route=%2Fwp%2Fv2%2Fcomments&post=5848"}],"version-history":[{"count":1,"href":"http:\/\/wgphoto.pl\/t\/index.php?rest_route=\/wp\/v2\/posts\/5848\/revisions"}],"predecessor-version":[{"id":5850,"href":"http:\/\/wgphoto.pl\/t\/index.php?rest_route=\/wp\/v2\/posts\/5848\/revisions\/5850"}],"wp:featuredmedia":[{"embeddable":true,"href":"http:\/\/wgphoto.pl\/t\/index.php?rest_route=\/wp\/v2\/media\/5849"}],"wp:attachment":[{"href":"http:\/\/wgphoto.pl\/t\/index.php?rest_route=%2Fwp%2Fv2%2Fmedia&parent=5848"}],"wp:term":[{"taxonomy":"category","embeddable":true,"href":"http:\/\/wgphoto.pl\/t\/index.php?rest_route=%2Fwp%2Fv2%2Fcategories&post=5848"},{"taxonomy":"post_tag","embeddable":true,"href":"http:\/\/wgphoto.pl\/t\/index.php?rest_route=%2Fwp%2Fv2%2Ftags&post=5848"}],"curies":[{"name":"wp","href":"https:\/\/api.w.org\/{rel}","templated":true}]}}