{"id":585,"date":"2024-09-29T22:00:38","date_gmt":"2024-09-29T20:00:38","guid":{"rendered":"https:\/\/wgphoto.pl\/t\/?p=585"},"modified":"2024-09-29T22:00:38","modified_gmt":"2024-09-29T20:00:38","slug":"nie-wlazic","status":"publish","type":"post","link":"http:\/\/wgphoto.pl\/t\/?p=585","title":{"rendered":"Nie w\u0142azi\u0107"},"content":{"rendered":"\n<figure class=\"wp-block-image aligncenter size-full\"><img loading=\"lazy\" decoding=\"async\" width=\"1200\" height=\"800\" src=\"https:\/\/wgphoto.pl\/t\/wp-content\/uploads\/IMGP0980.jpg\" alt=\"\" class=\"wp-image-586\" srcset=\"http:\/\/wgphoto.pl\/t\/wp-content\/uploads\/IMGP0980.jpg 1200w, http:\/\/wgphoto.pl\/t\/wp-content\/uploads\/IMGP0980-300x200.jpg 300w, http:\/\/wgphoto.pl\/t\/wp-content\/uploads\/IMGP0980-768x512.jpg 768w\" sizes=\"auto, (max-width: 1200px) 100vw, 1200px\" \/><\/figure>\n\n\n\n<div class=\"wp-block-group has-global-padding is-layout-constrained wp-block-group-is-layout-constrained\">\n<p>Standardowe po\u0142\u0105czenie mi\u0119dzywagonowe sk\u0142adu typu analogicznego jak na poprzednim zdj\u0119ciu. 12.12.2009<\/p>\n<\/div>\n","protected":false},"excerpt":{"rendered":"<p>Standardowe po\u0142\u0105czenie mi\u0119dzywagonowe sk\u0142adu typu analogicznego jak na poprzednim zdj\u0119ciu. 12.12.2009<\/p>\n","protected":false},"author":1,"featured_media":586,"comment_status":"open","ping_status":"","sticky":false,"template":"","format":"standard","meta":{"footnotes":""},"categories":[220,169,3],"tags":[270,9,269,102,101,97,98],"class_list":["post-585","post","type-post","status-publish","format-standard","has-post-thumbnail","hentry","category-blo","category-rok-2009","category-tramwaj","tag-2009-12-12","tag-austria","tag-c3","tag-e1","tag-gt6","tag-wieden","tag-wiener-linien"],"_links":{"self":[{"href":"http:\/\/wgphoto.pl\/t\/index.php?rest_route=\/wp\/v2\/posts\/585","targetHints":{"allow":["GET"]}}],"collection":[{"href":"http:\/\/wgphoto.pl\/t\/index.php?rest_route=\/wp\/v2\/posts"}],"about":[{"href":"http:\/\/wgphoto.pl\/t\/index.php?rest_route=\/wp\/v2\/types\/post"}],"author":[{"embeddable":true,"href":"http:\/\/wgphoto.pl\/t\/index.php?rest_route=\/wp\/v2\/users\/1"}],"replies":[{"embeddable":true,"href":"http:\/\/wgphoto.pl\/t\/index.php?rest_route=%2Fwp%2Fv2%2Fcomments&post=585"}],"version-history":[{"count":1,"href":"http:\/\/wgphoto.pl\/t\/index.php?rest_route=\/wp\/v2\/posts\/585\/revisions"}],"predecessor-version":[{"id":587,"href":"http:\/\/wgphoto.pl\/t\/index.php?rest_route=\/wp\/v2\/posts\/585\/revisions\/587"}],"wp:featuredmedia":[{"embeddable":true,"href":"http:\/\/wgphoto.pl\/t\/index.php?rest_route=\/wp\/v2\/media\/586"}],"wp:attachment":[{"href":"http:\/\/wgphoto.pl\/t\/index.php?rest_route=%2Fwp%2Fv2%2Fmedia&parent=585"}],"wp:term":[{"taxonomy":"category","embeddable":true,"href":"http:\/\/wgphoto.pl\/t\/index.php?rest_route=%2Fwp%2Fv2%2Fcategories&post=585"},{"taxonomy":"post_tag","embeddable":true,"href":"http:\/\/wgphoto.pl\/t\/index.php?rest_route=%2Fwp%2Fv2%2Ftags&post=585"}],"curies":[{"name":"wp","href":"https:\/\/api.w.org\/{rel}","templated":true}]}}