{"id":5875,"date":"2024-11-16T11:09:46","date_gmt":"2024-11-16T10:09:46","guid":{"rendered":"https:\/\/wgphoto.pl\/t\/?p=5875"},"modified":"2024-11-16T11:09:46","modified_gmt":"2024-11-16T10:09:46","slug":"polnocne-przedmiescia","status":"publish","type":"post","link":"http:\/\/wgphoto.pl\/t\/?p=5875","title":{"rendered":"P\u00f3\u0142nocne przedmie\u015bcia"},"content":{"rendered":"\n<figure class=\"wp-block-image aligncenter size-full\"><img loading=\"lazy\" decoding=\"async\" width=\"1300\" height=\"861\" src=\"https:\/\/wgphoto.pl\/t\/wp-content\/uploads\/2024\/11\/IMGP6536.jpg\" alt=\"\" class=\"wp-image-5876\" srcset=\"http:\/\/wgphoto.pl\/t\/wp-content\/uploads\/2024\/11\/IMGP6536.jpg 1300w, http:\/\/wgphoto.pl\/t\/wp-content\/uploads\/2024\/11\/IMGP6536-300x199.jpg 300w, http:\/\/wgphoto.pl\/t\/wp-content\/uploads\/2024\/11\/IMGP6536-768x509.jpg 768w\" sizes=\"auto, (max-width: 1300px) 100vw, 1300px\" \/><\/figure>\n\n\n\n<div class=\"wp-block-group has-global-padding is-layout-constrained wp-block-group-is-layout-constrained\">\n<p>Norymberga, Erlanger Stra\u00dfe. 23-letni wagon GT6N 1009 niedawno zosta\u0142 poddany naprawie g\u0142\u00f3wnej i wygl\u0105da jak spod ig\u0142y. Na zdj\u0119ciu mija szklarnie stoj\u0105ce wzd\u0142u\u017c najnowszej trasy tramwajowej w mie\u015bcie. Odcinek Thon &#8211; Am Wegfeld, licz\u0105cy 4 przystanki, uruchomiono w 2016 roku. 22.10.2019<\/p>\n<\/div>\n","protected":false},"excerpt":{"rendered":"<p>Norymberga, Erlanger Stra\u00dfe. 23-letni wagon GT6N 1009 niedawno zosta\u0142 poddany naprawie g\u0142\u00f3wnej i wygl\u0105da jak spod ig\u0142y. Na zdj\u0119ciu mija szklarnie stoj\u0105ce wzd\u0142u\u017c najnowszej trasy tramwajowej w mie\u015bcie. Odcinek Thon &#8211; Am Wegfeld, licz\u0105cy 4 przystanki, uruchomiono w 2016 roku. 22.10.2019<\/p>\n","protected":false},"author":1,"featured_media":5876,"comment_status":"open","ping_status":"","sticky":false,"template":"","format":"standard","meta":{"footnotes":""},"categories":[136,3],"tags":[1302,1265,126,821,23,1303,1304,575],"class_list":["post-5875","post","type-post","status-publish","format-standard","has-post-thumbnail","hentry","category-rok-2019","category-tramwaj","tag-2019-10-22","tag-gtxn","tag-jesien","tag-mgla","tag-niemcy","tag-norymberga","tag-vag-nurnberg","tag-wakacje-2019"],"_links":{"self":[{"href":"http:\/\/wgphoto.pl\/t\/index.php?rest_route=\/wp\/v2\/posts\/5875","targetHints":{"allow":["GET"]}}],"collection":[{"href":"http:\/\/wgphoto.pl\/t\/index.php?rest_route=\/wp\/v2\/posts"}],"about":[{"href":"http:\/\/wgphoto.pl\/t\/index.php?rest_route=\/wp\/v2\/types\/post"}],"author":[{"embeddable":true,"href":"http:\/\/wgphoto.pl\/t\/index.php?rest_route=\/wp\/v2\/users\/1"}],"replies":[{"embeddable":true,"href":"http:\/\/wgphoto.pl\/t\/index.php?rest_route=%2Fwp%2Fv2%2Fcomments&post=5875"}],"version-history":[{"count":1,"href":"http:\/\/wgphoto.pl\/t\/index.php?rest_route=\/wp\/v2\/posts\/5875\/revisions"}],"predecessor-version":[{"id":5877,"href":"http:\/\/wgphoto.pl\/t\/index.php?rest_route=\/wp\/v2\/posts\/5875\/revisions\/5877"}],"wp:featuredmedia":[{"embeddable":true,"href":"http:\/\/wgphoto.pl\/t\/index.php?rest_route=\/wp\/v2\/media\/5876"}],"wp:attachment":[{"href":"http:\/\/wgphoto.pl\/t\/index.php?rest_route=%2Fwp%2Fv2%2Fmedia&parent=5875"}],"wp:term":[{"taxonomy":"category","embeddable":true,"href":"http:\/\/wgphoto.pl\/t\/index.php?rest_route=%2Fwp%2Fv2%2Fcategories&post=5875"},{"taxonomy":"post_tag","embeddable":true,"href":"http:\/\/wgphoto.pl\/t\/index.php?rest_route=%2Fwp%2Fv2%2Ftags&post=5875"}],"curies":[{"name":"wp","href":"https:\/\/api.w.org\/{rel}","templated":true}]}}