{"id":5878,"date":"2024-11-16T11:10:45","date_gmt":"2024-11-16T10:10:45","guid":{"rendered":"https:\/\/wgphoto.pl\/t\/?p=5878"},"modified":"2024-11-16T11:10:45","modified_gmt":"2024-11-16T10:10:45","slug":"goraca-osiemnastka","status":"publish","type":"post","link":"http:\/\/wgphoto.pl\/t\/?p=5878","title":{"rendered":"Gor\u0105ca osiemnastka"},"content":{"rendered":"\n<figure class=\"wp-block-image aligncenter size-full\"><img loading=\"lazy\" decoding=\"async\" width=\"1300\" height=\"867\" src=\"https:\/\/wgphoto.pl\/t\/wp-content\/uploads\/2024\/11\/0821-07.jpg\" alt=\"\" class=\"wp-image-5879\" srcset=\"http:\/\/wgphoto.pl\/t\/wp-content\/uploads\/2024\/11\/0821-07.jpg 1300w, http:\/\/wgphoto.pl\/t\/wp-content\/uploads\/2024\/11\/0821-07-300x200.jpg 300w, http:\/\/wgphoto.pl\/t\/wp-content\/uploads\/2024\/11\/0821-07-768x512.jpg 768w\" sizes=\"auto, (max-width: 1300px) 100vw, 1300px\" \/><\/figure>\n\n\n\n<div class=\"wp-block-group has-global-padding is-layout-constrained wp-block-group-is-layout-constrained\">\n<p>Praga, p\u0119tla Vozovna Pankr\u00e1c, sk\u0142ad T3SUCS 7172+7173. Czesi nie oszcz\u0119dzaj\u0105 na ogrzewaniu, wi\u0119c jak tylko zrobi si\u0119 odrobin\u0119 zimniej, tramwaje (i nie tylko) czekaj\u0105 na pasa\u017cer\u00f3w porz\u0105dnie nahajcowane. 09.11.2008<\/p>\n<\/div>\n","protected":false},"excerpt":{"rendered":"<p>Praga, p\u0119tla Vozovna Pankr\u00e1c, sk\u0142ad T3SUCS 7172+7173. Czesi nie oszcz\u0119dzaj\u0105 na ogrzewaniu, wi\u0119c jak tylko zrobi si\u0119 odrobin\u0119 zimniej, tramwaje (i nie tylko) czekaj\u0105 na pasa\u017cer\u00f3w porz\u0105dnie nahajcowane. 09.11.2008<\/p>\n","protected":false},"author":1,"featured_media":5879,"comment_status":"open","ping_status":"","sticky":false,"template":"","format":"standard","meta":{"footnotes":""},"categories":[62,120,3],"tags":[2113,49,1049,154,438,52,1011],"class_list":["post-5878","post","type-post","status-publish","format-standard","has-post-thumbnail","hentry","category-analog","category-rok-2008","category-tramwaj","tag-2008-11-09","tag-czechy","tag-dp-praha","tag-noc","tag-portret-z-petli","tag-praga","tag-tatra-t3"],"_links":{"self":[{"href":"http:\/\/wgphoto.pl\/t\/index.php?rest_route=\/wp\/v2\/posts\/5878","targetHints":{"allow":["GET"]}}],"collection":[{"href":"http:\/\/wgphoto.pl\/t\/index.php?rest_route=\/wp\/v2\/posts"}],"about":[{"href":"http:\/\/wgphoto.pl\/t\/index.php?rest_route=\/wp\/v2\/types\/post"}],"author":[{"embeddable":true,"href":"http:\/\/wgphoto.pl\/t\/index.php?rest_route=\/wp\/v2\/users\/1"}],"replies":[{"embeddable":true,"href":"http:\/\/wgphoto.pl\/t\/index.php?rest_route=%2Fwp%2Fv2%2Fcomments&post=5878"}],"version-history":[{"count":1,"href":"http:\/\/wgphoto.pl\/t\/index.php?rest_route=\/wp\/v2\/posts\/5878\/revisions"}],"predecessor-version":[{"id":5880,"href":"http:\/\/wgphoto.pl\/t\/index.php?rest_route=\/wp\/v2\/posts\/5878\/revisions\/5880"}],"wp:featuredmedia":[{"embeddable":true,"href":"http:\/\/wgphoto.pl\/t\/index.php?rest_route=\/wp\/v2\/media\/5879"}],"wp:attachment":[{"href":"http:\/\/wgphoto.pl\/t\/index.php?rest_route=%2Fwp%2Fv2%2Fmedia&parent=5878"}],"wp:term":[{"taxonomy":"category","embeddable":true,"href":"http:\/\/wgphoto.pl\/t\/index.php?rest_route=%2Fwp%2Fv2%2Fcategories&post=5878"},{"taxonomy":"post_tag","embeddable":true,"href":"http:\/\/wgphoto.pl\/t\/index.php?rest_route=%2Fwp%2Fv2%2Ftags&post=5878"}],"curies":[{"name":"wp","href":"https:\/\/api.w.org\/{rel}","templated":true}]}}