{"id":5887,"date":"2024-11-16T11:13:54","date_gmt":"2024-11-16T10:13:54","guid":{"rendered":"https:\/\/wgphoto.pl\/t\/?p=5887"},"modified":"2024-11-16T11:13:54","modified_gmt":"2024-11-16T10:13:54","slug":"objazdem-przez-makoszyce","status":"publish","type":"post","link":"http:\/\/wgphoto.pl\/t\/?p=5887","title":{"rendered":"Objazdem przez M\u0105koszyce"},"content":{"rendered":"\n<figure class=\"wp-block-image aligncenter size-full\"><img loading=\"lazy\" decoding=\"async\" width=\"1300\" height=\"870\" src=\"https:\/\/wgphoto.pl\/t\/wp-content\/uploads\/2024\/11\/IMGP6597.jpg\" alt=\"\" class=\"wp-image-5888\" srcset=\"http:\/\/wgphoto.pl\/t\/wp-content\/uploads\/2024\/11\/IMGP6597.jpg 1300w, http:\/\/wgphoto.pl\/t\/wp-content\/uploads\/2024\/11\/IMGP6597-300x201.jpg 300w, http:\/\/wgphoto.pl\/t\/wp-content\/uploads\/2024\/11\/IMGP6597-768x514.jpg 768w\" sizes=\"auto, (max-width: 1300px) 100vw, 1300px\" \/><\/figure>\n\n\n\n<div class=\"wp-block-group has-global-padding is-layout-constrained wp-block-group-is-layout-constrained\">\n<p>EP08-007 z Ex &#8222;Rejtan&#8221; z Wroc\u0142awia do Warszawy mija jeden z wiadukt\u00f3w charakterystycznych dla tej linii. Sam za\u015b poci\u0105g jedzie z Wroc\u0142awia do Opola objazdem. Sporo zdj\u0119\u0107 z tego wydarzenia znajdziecie pod tagiem linii. 08.07.2009<\/p>\n<\/div>\n","protected":false},"excerpt":{"rendered":"<p>EP08-007 z Ex &#8222;Rejtan&#8221; z Wroc\u0142awia do Warszawy mija jeden z wiadukt\u00f3w charakterystycznych dla tej linii. Sam za\u015b poci\u0105g jedzie z Wroc\u0142awia do Opola objazdem. Sporo zdj\u0119\u0107 z tego wydarzenia znajdziecie pod tagiem linii. 08.07.2009<\/p>\n","protected":false},"author":1,"featured_media":5888,"comment_status":"open","ping_status":"","sticky":false,"template":"","format":"standard","meta":{"footnotes":""},"categories":[2,169],"tags":[2236,225,2237,45,63,27,905,2179],"class_list":["post-5887","post","type-post","status-publish","format-standard","has-post-thumbnail","hentry","category-kolej","category-rok-2009","tag-2009-07-08","tag-ep08","tag-makoszyce","tag-most","tag-pkp","tag-polska","tag-przez","tag-tab-pl215"],"_links":{"self":[{"href":"http:\/\/wgphoto.pl\/t\/index.php?rest_route=\/wp\/v2\/posts\/5887","targetHints":{"allow":["GET"]}}],"collection":[{"href":"http:\/\/wgphoto.pl\/t\/index.php?rest_route=\/wp\/v2\/posts"}],"about":[{"href":"http:\/\/wgphoto.pl\/t\/index.php?rest_route=\/wp\/v2\/types\/post"}],"author":[{"embeddable":true,"href":"http:\/\/wgphoto.pl\/t\/index.php?rest_route=\/wp\/v2\/users\/1"}],"replies":[{"embeddable":true,"href":"http:\/\/wgphoto.pl\/t\/index.php?rest_route=%2Fwp%2Fv2%2Fcomments&post=5887"}],"version-history":[{"count":1,"href":"http:\/\/wgphoto.pl\/t\/index.php?rest_route=\/wp\/v2\/posts\/5887\/revisions"}],"predecessor-version":[{"id":5889,"href":"http:\/\/wgphoto.pl\/t\/index.php?rest_route=\/wp\/v2\/posts\/5887\/revisions\/5889"}],"wp:featuredmedia":[{"embeddable":true,"href":"http:\/\/wgphoto.pl\/t\/index.php?rest_route=\/wp\/v2\/media\/5888"}],"wp:attachment":[{"href":"http:\/\/wgphoto.pl\/t\/index.php?rest_route=%2Fwp%2Fv2%2Fmedia&parent=5887"}],"wp:term":[{"taxonomy":"category","embeddable":true,"href":"http:\/\/wgphoto.pl\/t\/index.php?rest_route=%2Fwp%2Fv2%2Fcategories&post=5887"},{"taxonomy":"post_tag","embeddable":true,"href":"http:\/\/wgphoto.pl\/t\/index.php?rest_route=%2Fwp%2Fv2%2Ftags&post=5887"}],"curies":[{"name":"wp","href":"https:\/\/api.w.org\/{rel}","templated":true}]}}