{"id":5890,"date":"2024-11-16T13:02:06","date_gmt":"2024-11-16T12:02:06","guid":{"rendered":"https:\/\/wgphoto.pl\/t\/?p=5890"},"modified":"2024-11-16T13:02:06","modified_gmt":"2024-11-16T12:02:06","slug":"mokry-bruk-zawsze-w-cenie","status":"publish","type":"post","link":"http:\/\/wgphoto.pl\/t\/?p=5890","title":{"rendered":"Mokry bruk zawsze w cenie"},"content":{"rendered":"\n<figure class=\"wp-block-image aligncenter size-full\"><img loading=\"lazy\" decoding=\"async\" width=\"750\" height=\"1000\" src=\"https:\/\/wgphoto.pl\/t\/wp-content\/uploads\/2024\/11\/IMGP8423-1.jpg\" alt=\"\" class=\"wp-image-5891\" srcset=\"http:\/\/wgphoto.pl\/t\/wp-content\/uploads\/2024\/11\/IMGP8423-1.jpg 750w, http:\/\/wgphoto.pl\/t\/wp-content\/uploads\/2024\/11\/IMGP8423-1-225x300.jpg 225w\" sizes=\"auto, (max-width: 750px) 100vw, 750px\" \/><\/figure>\n\n\n\n<div class=\"wp-block-group has-global-padding is-layout-constrained wp-block-group-is-layout-constrained\">\n<p>\u2026chocia\u017c tym razem nie jest tak soczy\u015bcie jak bym si\u0119 tego spodziewa\u0142, pewnie ze wzgl\u0119du na obiektyw i jako\u015b\u0107 obrazu. Tak czy inaczej, wagon KTNF6 nr 139 min\u0105\u0142 Oberkirche przy Sandower Stra\u00dfe w Chociebu\u017cu. 20.10.2010<\/p>\n<\/div>\n","protected":false},"excerpt":{"rendered":"<p>\u2026chocia\u017c tym razem nie jest tak soczy\u015bcie jak bym si\u0119 tego spodziewa\u0142, pewnie ze wzgl\u0119du na obiektyw i jako\u015b\u0107 obrazu. Tak czy inaczej, wagon KTNF6 nr 139 min\u0105\u0142 Oberkirche przy Sandower Stra\u00dfe w Chociebu\u017cu. 20.10.2010<\/p>\n","protected":false},"author":1,"featured_media":5891,"comment_status":"open","ping_status":"","sticky":false,"template":"","format":"standard","meta":{"footnotes":""},"categories":[128,86,3],"tags":[2241,34,2238,2239,13,23,33,2240],"class_list":["post-5890","post","type-post","status-publish","format-standard","has-post-thumbnail","hentry","category-pionowe","category-rok-2010","category-tramwaj","tag-2010-10-20","tag-architektura","tag-chociebuz","tag-cv-cottbus","tag-deszcz","tag-niemcy","tag-tatra-kt4","tag-tatra-ktnf"],"_links":{"self":[{"href":"http:\/\/wgphoto.pl\/t\/index.php?rest_route=\/wp\/v2\/posts\/5890","targetHints":{"allow":["GET"]}}],"collection":[{"href":"http:\/\/wgphoto.pl\/t\/index.php?rest_route=\/wp\/v2\/posts"}],"about":[{"href":"http:\/\/wgphoto.pl\/t\/index.php?rest_route=\/wp\/v2\/types\/post"}],"author":[{"embeddable":true,"href":"http:\/\/wgphoto.pl\/t\/index.php?rest_route=\/wp\/v2\/users\/1"}],"replies":[{"embeddable":true,"href":"http:\/\/wgphoto.pl\/t\/index.php?rest_route=%2Fwp%2Fv2%2Fcomments&post=5890"}],"version-history":[{"count":1,"href":"http:\/\/wgphoto.pl\/t\/index.php?rest_route=\/wp\/v2\/posts\/5890\/revisions"}],"predecessor-version":[{"id":5892,"href":"http:\/\/wgphoto.pl\/t\/index.php?rest_route=\/wp\/v2\/posts\/5890\/revisions\/5892"}],"wp:featuredmedia":[{"embeddable":true,"href":"http:\/\/wgphoto.pl\/t\/index.php?rest_route=\/wp\/v2\/media\/5891"}],"wp:attachment":[{"href":"http:\/\/wgphoto.pl\/t\/index.php?rest_route=%2Fwp%2Fv2%2Fmedia&parent=5890"}],"wp:term":[{"taxonomy":"category","embeddable":true,"href":"http:\/\/wgphoto.pl\/t\/index.php?rest_route=%2Fwp%2Fv2%2Fcategories&post=5890"},{"taxonomy":"post_tag","embeddable":true,"href":"http:\/\/wgphoto.pl\/t\/index.php?rest_route=%2Fwp%2Fv2%2Ftags&post=5890"}],"curies":[{"name":"wp","href":"https:\/\/api.w.org\/{rel}","templated":true}]}}