{"id":5929,"date":"2024-11-16T13:15:26","date_gmt":"2024-11-16T12:15:26","guid":{"rendered":"https:\/\/wgphoto.pl\/t\/?p=5929"},"modified":"2024-11-16T13:15:26","modified_gmt":"2024-11-16T12:15:26","slug":"miedzy-muzeum-a-ambasada","status":"publish","type":"post","link":"http:\/\/wgphoto.pl\/t\/?p=5929","title":{"rendered":"Mi\u0119dzy muzeum a ambasad\u0105"},"content":{"rendered":"\n<figure class=\"wp-block-image aligncenter size-full\"><img loading=\"lazy\" decoding=\"async\" width=\"1300\" height=\"870\" src=\"https:\/\/wgphoto.pl\/t\/wp-content\/uploads\/2024\/11\/IMGP3566.jpg\" alt=\"\" class=\"wp-image-5931\" srcset=\"http:\/\/wgphoto.pl\/t\/wp-content\/uploads\/2024\/11\/IMGP3566.jpg 1300w, http:\/\/wgphoto.pl\/t\/wp-content\/uploads\/2024\/11\/IMGP3566-300x201.jpg 300w, http:\/\/wgphoto.pl\/t\/wp-content\/uploads\/2024\/11\/IMGP3566-768x514.jpg 768w\" sizes=\"auto, (max-width: 1300px) 100vw, 1300px\" \/><\/figure>\n\n\n\n<div class=\"wp-block-group has-global-padding is-layout-constrained wp-block-group-is-layout-constrained\">\n<p>Sarajewo, Tatra K2YU nr 261 skr\u0119ca z ulicy Zmaja od Bosne w Halida Kajtaza, zostawiaj\u0105c za sob\u0105 okaza\u0142y gmach Muzeum Narodowego Bo\u015bni i Hercegowiny. Za d\u0142ugo z aparatem si\u0119 tu kr\u0119ci\u0107 nie mo\u017cna, bo nie lubi tego ochrona znajduj\u0105cej si\u0119 za moimi plecami ambasady USA. 24.08.2011<\/p>\n<\/div>\n","protected":false},"excerpt":{"rendered":"<p>Sarajewo, Tatra K2YU nr 261 skr\u0119ca z ulicy Zmaja od Bosne w Halida Kajtaza, zostawiaj\u0105c za sob\u0105 okaza\u0142y gmach Muzeum Narodowego Bo\u015bni i Hercegowiny. Za d\u0142ugo z aparatem si\u0119 tu kr\u0119ci\u0107 nie mo\u017cna, bo nie lubi tego ochrona znajduj\u0105cej si\u0119 za moimi plecami ambasady USA. 24.08.2011<\/p>\n","protected":false},"author":1,"featured_media":5931,"comment_status":"open","ping_status":"","sticky":false,"template":"","format":"standard","meta":{"footnotes":""},"categories":[77,3],"tags":[450,34,447,114,1522,448,994],"class_list":["post-5929","post","type-post","status-publish","format-standard","has-post-thumbnail","hentry","category-rok-2011","category-tramwaj","tag-2011-08-24","tag-architektura","tag-bosnia-i-hercegowina","tag-gory","tag-gras-sarajevo","tag-sarajewo","tag-tatra-k2"],"_links":{"self":[{"href":"http:\/\/wgphoto.pl\/t\/index.php?rest_route=\/wp\/v2\/posts\/5929","targetHints":{"allow":["GET"]}}],"collection":[{"href":"http:\/\/wgphoto.pl\/t\/index.php?rest_route=\/wp\/v2\/posts"}],"about":[{"href":"http:\/\/wgphoto.pl\/t\/index.php?rest_route=\/wp\/v2\/types\/post"}],"author":[{"embeddable":true,"href":"http:\/\/wgphoto.pl\/t\/index.php?rest_route=\/wp\/v2\/users\/1"}],"replies":[{"embeddable":true,"href":"http:\/\/wgphoto.pl\/t\/index.php?rest_route=%2Fwp%2Fv2%2Fcomments&post=5929"}],"version-history":[{"count":1,"href":"http:\/\/wgphoto.pl\/t\/index.php?rest_route=\/wp\/v2\/posts\/5929\/revisions"}],"predecessor-version":[{"id":5932,"href":"http:\/\/wgphoto.pl\/t\/index.php?rest_route=\/wp\/v2\/posts\/5929\/revisions\/5932"}],"wp:featuredmedia":[{"embeddable":true,"href":"http:\/\/wgphoto.pl\/t\/index.php?rest_route=\/wp\/v2\/media\/5931"}],"wp:attachment":[{"href":"http:\/\/wgphoto.pl\/t\/index.php?rest_route=%2Fwp%2Fv2%2Fmedia&parent=5929"}],"wp:term":[{"taxonomy":"category","embeddable":true,"href":"http:\/\/wgphoto.pl\/t\/index.php?rest_route=%2Fwp%2Fv2%2Fcategories&post=5929"},{"taxonomy":"post_tag","embeddable":true,"href":"http:\/\/wgphoto.pl\/t\/index.php?rest_route=%2Fwp%2Fv2%2Ftags&post=5929"}],"curies":[{"name":"wp","href":"https:\/\/api.w.org\/{rel}","templated":true}]}}