{"id":594,"date":"2024-09-29T22:04:57","date_gmt":"2024-09-29T20:04:57","guid":{"rendered":"https:\/\/wgphoto.pl\/t\/?p=594"},"modified":"2024-09-29T22:04:57","modified_gmt":"2024-09-29T20:04:57","slug":"karlsplatz","status":"publish","type":"post","link":"http:\/\/wgphoto.pl\/t\/?p=594","title":{"rendered":"Karlsplatz"},"content":{"rendered":"\n<figure class=\"wp-block-image aligncenter size-full\"><img loading=\"lazy\" decoding=\"async\" width=\"1200\" height=\"803\" src=\"https:\/\/wgphoto.pl\/t\/wp-content\/uploads\/IMGP1045.jpg\" alt=\"\" class=\"wp-image-595\" srcset=\"http:\/\/wgphoto.pl\/t\/wp-content\/uploads\/IMGP1045.jpg 1200w, http:\/\/wgphoto.pl\/t\/wp-content\/uploads\/IMGP1045-300x201.jpg 300w, http:\/\/wgphoto.pl\/t\/wp-content\/uploads\/IMGP1045-768x514.jpg 768w\" sizes=\"auto, (max-width: 1200px) 100vw, 1200px\" \/><\/figure>\n\n\n\n<div class=\"wp-block-group has-global-padding is-layout-constrained wp-block-group-is-layout-constrained\">\n<p>Jedna z klatek schodowych rozleg\u0142ego w\u0119z\u0142a Karlsplatz w Wiedniu. W tutejszych podziemiach mo\u017cna znale\u017a\u0107 wszystko &#8211; od bieli i nowoczesno\u015bci po takie ponure tunele z surowego betonu. Uwielbiam takie klimaty! Pomimo odpychaj\u0105cego wygl\u0105du tego miejsca, jak to w wiede\u0144skim metrze, od razu wiadomo dok\u0105d zmierzamy &#8211; czerwony kolor sugeruje bowiem doj\u015bcie do peronu linii U1. 13.12.2009<\/p>\n<\/div>\n","protected":false},"excerpt":{"rendered":"<p>Jedna z klatek schodowych rozleg\u0142ego w\u0119z\u0142a Karlsplatz w Wiedniu. W tutejszych podziemiach mo\u017cna znale\u017a\u0107 wszystko &#8211; od bieli i nowoczesno\u015bci po takie ponure tunele z surowego betonu. Uwielbiam takie klimaty! Pomimo odpychaj\u0105cego wygl\u0105du tego miejsca, jak to w wiede\u0144skim metrze, od razu wiadomo dok\u0105d zmierzamy &#8211; czerwony kolor sugeruje bowiem doj\u015bcie do peronu linii U1. [&hellip;]<\/p>\n","protected":false},"author":1,"featured_media":595,"comment_status":"open","ping_status":"","sticky":false,"template":"","format":"standard","meta":{"footnotes":""},"categories":[220,4,169],"tags":[272,9,276,223,15,97],"class_list":["post-594","post","type-post","status-publish","format-standard","has-post-thumbnail","hentry","category-blo","category-metro","category-rok-2009","tag-2009-12-13","tag-austria","tag-stacje-wiedenskiego-metra","tag-symetria","tag-tunel","tag-wieden"],"_links":{"self":[{"href":"http:\/\/wgphoto.pl\/t\/index.php?rest_route=\/wp\/v2\/posts\/594","targetHints":{"allow":["GET"]}}],"collection":[{"href":"http:\/\/wgphoto.pl\/t\/index.php?rest_route=\/wp\/v2\/posts"}],"about":[{"href":"http:\/\/wgphoto.pl\/t\/index.php?rest_route=\/wp\/v2\/types\/post"}],"author":[{"embeddable":true,"href":"http:\/\/wgphoto.pl\/t\/index.php?rest_route=\/wp\/v2\/users\/1"}],"replies":[{"embeddable":true,"href":"http:\/\/wgphoto.pl\/t\/index.php?rest_route=%2Fwp%2Fv2%2Fcomments&post=594"}],"version-history":[{"count":1,"href":"http:\/\/wgphoto.pl\/t\/index.php?rest_route=\/wp\/v2\/posts\/594\/revisions"}],"predecessor-version":[{"id":596,"href":"http:\/\/wgphoto.pl\/t\/index.php?rest_route=\/wp\/v2\/posts\/594\/revisions\/596"}],"wp:featuredmedia":[{"embeddable":true,"href":"http:\/\/wgphoto.pl\/t\/index.php?rest_route=\/wp\/v2\/media\/595"}],"wp:attachment":[{"href":"http:\/\/wgphoto.pl\/t\/index.php?rest_route=%2Fwp%2Fv2%2Fmedia&parent=594"}],"wp:term":[{"taxonomy":"category","embeddable":true,"href":"http:\/\/wgphoto.pl\/t\/index.php?rest_route=%2Fwp%2Fv2%2Fcategories&post=594"},{"taxonomy":"post_tag","embeddable":true,"href":"http:\/\/wgphoto.pl\/t\/index.php?rest_route=%2Fwp%2Fv2%2Ftags&post=594"}],"curies":[{"name":"wp","href":"https:\/\/api.w.org\/{rel}","templated":true}]}}