{"id":597,"date":"2024-09-29T22:07:30","date_gmt":"2024-09-29T20:07:30","guid":{"rendered":"https:\/\/wgphoto.pl\/t\/?p=597"},"modified":"2024-09-30T18:13:43","modified_gmt":"2024-09-30T16:13:43","slug":"105na-753","status":"publish","type":"post","link":"http:\/\/wgphoto.pl\/t\/?p=597","title":{"rendered":"105Na 753"},"content":{"rendered":"\n<figure class=\"wp-block-image aligncenter size-full\"><img loading=\"lazy\" decoding=\"async\" width=\"1200\" height=\"800\" src=\"https:\/\/wgphoto.pl\/t\/wp-content\/uploads\/0811-24.jpg\" alt=\"\" class=\"wp-image-598\" srcset=\"http:\/\/wgphoto.pl\/t\/wp-content\/uploads\/0811-24.jpg 1200w, http:\/\/wgphoto.pl\/t\/wp-content\/uploads\/0811-24-300x200.jpg 300w, http:\/\/wgphoto.pl\/t\/wp-content\/uploads\/0811-24-768x512.jpg 768w\" sizes=\"auto, (max-width: 1200px) 100vw, 1200px\" \/><\/figure>\n\n\n\n<div class=\"wp-block-group has-global-padding is-layout-constrained wp-block-group-is-layout-constrained\">\n<p>Wyjazd z p\u0119tli Milowice w Sosnowcu. By\u0107 mo\u017ce nie zaskoczy\u0142by mnie taki widok gdyby nie to, \u017ce ta p\u0119tla zasadniczo le\u017cy na osiedlu mieszkaniowym. 26.08.2008<\/p>\n<\/div>\n","protected":false},"excerpt":{"rendered":"<p>Wyjazd z p\u0119tli Milowice w Sosnowcu. By\u0107 mo\u017ce nie zaskoczy\u0142by mnie taki widok gdyby nie to, \u017ce ta p\u0119tla zasadniczo le\u017cy na osiedlu mieszkaniowym. 26.08.2008<\/p>\n","protected":false},"author":1,"featured_media":598,"comment_status":"open","ping_status":"","sticky":false,"template":"","format":"standard","meta":{"footnotes":""},"categories":[62,120,3],"tags":[155,280,277,27,278,279],"class_list":["post-597","post","type-post","status-publish","format-standard","has-post-thumbnail","hentry","category-analog","category-rok-2008","category-tramwaj","tag-105na","tag-2008-08-26","tag-gop","tag-polska","tag-sosnowiec","tag-tramwaje-slaskie"],"_links":{"self":[{"href":"http:\/\/wgphoto.pl\/t\/index.php?rest_route=\/wp\/v2\/posts\/597","targetHints":{"allow":["GET"]}}],"collection":[{"href":"http:\/\/wgphoto.pl\/t\/index.php?rest_route=\/wp\/v2\/posts"}],"about":[{"href":"http:\/\/wgphoto.pl\/t\/index.php?rest_route=\/wp\/v2\/types\/post"}],"author":[{"embeddable":true,"href":"http:\/\/wgphoto.pl\/t\/index.php?rest_route=\/wp\/v2\/users\/1"}],"replies":[{"embeddable":true,"href":"http:\/\/wgphoto.pl\/t\/index.php?rest_route=%2Fwp%2Fv2%2Fcomments&post=597"}],"version-history":[{"count":4,"href":"http:\/\/wgphoto.pl\/t\/index.php?rest_route=\/wp\/v2\/posts\/597\/revisions"}],"predecessor-version":[{"id":623,"href":"http:\/\/wgphoto.pl\/t\/index.php?rest_route=\/wp\/v2\/posts\/597\/revisions\/623"}],"wp:featuredmedia":[{"embeddable":true,"href":"http:\/\/wgphoto.pl\/t\/index.php?rest_route=\/wp\/v2\/media\/598"}],"wp:attachment":[{"href":"http:\/\/wgphoto.pl\/t\/index.php?rest_route=%2Fwp%2Fv2%2Fmedia&parent=597"}],"wp:term":[{"taxonomy":"category","embeddable":true,"href":"http:\/\/wgphoto.pl\/t\/index.php?rest_route=%2Fwp%2Fv2%2Fcategories&post=597"},{"taxonomy":"post_tag","embeddable":true,"href":"http:\/\/wgphoto.pl\/t\/index.php?rest_route=%2Fwp%2Fv2%2Ftags&post=597"}],"curies":[{"name":"wp","href":"https:\/\/api.w.org\/{rel}","templated":true}]}}