{"id":5970,"date":"2024-11-16T18:10:17","date_gmt":"2024-11-16T17:10:17","guid":{"rendered":"https:\/\/wgphoto.pl\/t\/?p=5970"},"modified":"2024-11-16T18:10:17","modified_gmt":"2024-11-16T17:10:17","slug":"na-hel-w-duecie","status":"publish","type":"post","link":"http:\/\/wgphoto.pl\/t\/?p=5970","title":{"rendered":"Na Hel w duecie"},"content":{"rendered":"\n<figure class=\"wp-block-image aligncenter size-full\"><img loading=\"lazy\" decoding=\"async\" width=\"1300\" height=\"867\" src=\"https:\/\/wgphoto.pl\/t\/wp-content\/uploads\/2024\/11\/0520-23.jpg\" alt=\"\" class=\"wp-image-5971\" srcset=\"http:\/\/wgphoto.pl\/t\/wp-content\/uploads\/2024\/11\/0520-23.jpg 1300w, http:\/\/wgphoto.pl\/t\/wp-content\/uploads\/2024\/11\/0520-23-300x200.jpg 300w, http:\/\/wgphoto.pl\/t\/wp-content\/uploads\/2024\/11\/0520-23-768x512.jpg 768w\" sizes=\"auto, (max-width: 1300px) 100vw, 1300px\" \/><\/figure>\n\n\n\n<div class=\"wp-block-group has-global-padding is-layout-constrained wp-block-group-is-layout-constrained\">\n<p>SM42-132 i zdefektowana 932 na czele poci\u0105gu osobowego 93527 relacji Gdynia G\u0142. &#8211; Hel mijaj\u0105 przystanek W\u0142adys\u0142awowo Port. 29.07.2005<\/p>\n<\/div>\n","protected":false},"excerpt":{"rendered":"<p>SM42-132 i zdefektowana 932 na czele poci\u0105gu osobowego 93527 relacji Gdynia G\u0142. &#8211; Hel mijaj\u0105 przystanek W\u0142adys\u0142awowo Port. 29.07.2005<\/p>\n","protected":false},"author":1,"featured_media":5971,"comment_status":"open","ping_status":"","sticky":false,"template":"","format":"standard","meta":{"footnotes":""},"categories":[62,2,311],"tags":[1094,63,27,473,1095,1885],"class_list":["post-5970","post","type-post","status-publish","format-standard","has-post-thumbnail","hentry","category-analog","category-kolej","category-rok-2005","tag-2005-07-29","tag-pkp","tag-polska","tag-sm42","tag-tab-pl450","tag-wladyslawowo-port"],"_links":{"self":[{"href":"http:\/\/wgphoto.pl\/t\/index.php?rest_route=\/wp\/v2\/posts\/5970","targetHints":{"allow":["GET"]}}],"collection":[{"href":"http:\/\/wgphoto.pl\/t\/index.php?rest_route=\/wp\/v2\/posts"}],"about":[{"href":"http:\/\/wgphoto.pl\/t\/index.php?rest_route=\/wp\/v2\/types\/post"}],"author":[{"embeddable":true,"href":"http:\/\/wgphoto.pl\/t\/index.php?rest_route=\/wp\/v2\/users\/1"}],"replies":[{"embeddable":true,"href":"http:\/\/wgphoto.pl\/t\/index.php?rest_route=%2Fwp%2Fv2%2Fcomments&post=5970"}],"version-history":[{"count":1,"href":"http:\/\/wgphoto.pl\/t\/index.php?rest_route=\/wp\/v2\/posts\/5970\/revisions"}],"predecessor-version":[{"id":5972,"href":"http:\/\/wgphoto.pl\/t\/index.php?rest_route=\/wp\/v2\/posts\/5970\/revisions\/5972"}],"wp:featuredmedia":[{"embeddable":true,"href":"http:\/\/wgphoto.pl\/t\/index.php?rest_route=\/wp\/v2\/media\/5971"}],"wp:attachment":[{"href":"http:\/\/wgphoto.pl\/t\/index.php?rest_route=%2Fwp%2Fv2%2Fmedia&parent=5970"}],"wp:term":[{"taxonomy":"category","embeddable":true,"href":"http:\/\/wgphoto.pl\/t\/index.php?rest_route=%2Fwp%2Fv2%2Fcategories&post=5970"},{"taxonomy":"post_tag","embeddable":true,"href":"http:\/\/wgphoto.pl\/t\/index.php?rest_route=%2Fwp%2Fv2%2Ftags&post=5970"}],"curies":[{"name":"wp","href":"https:\/\/api.w.org\/{rel}","templated":true}]}}