{"id":6075,"date":"2024-11-17T22:35:50","date_gmt":"2024-11-17T21:35:50","guid":{"rendered":"https:\/\/wgphoto.pl\/t\/?p=6075"},"modified":"2024-11-17T22:35:50","modified_gmt":"2024-11-17T21:35:50","slug":"mala-morawka","status":"publish","type":"post","link":"http:\/\/wgphoto.pl\/t\/?p=6075","title":{"rendered":"Ma\u0142a Morawka"},"content":{"rendered":"\n<figure class=\"wp-block-image aligncenter size-full\"><img loading=\"lazy\" decoding=\"async\" width=\"1300\" height=\"870\" src=\"https:\/\/wgphoto.pl\/t\/wp-content\/uploads\/2024\/11\/IMGP7218.jpg\" alt=\"\" class=\"wp-image-6076\" srcset=\"http:\/\/wgphoto.pl\/t\/wp-content\/uploads\/2024\/11\/IMGP7218.jpg 1300w, http:\/\/wgphoto.pl\/t\/wp-content\/uploads\/2024\/11\/IMGP7218-300x201.jpg 300w, http:\/\/wgphoto.pl\/t\/wp-content\/uploads\/2024\/11\/IMGP7218-768x514.jpg 768w\" sizes=\"auto, (max-width: 1300px) 100vw, 1300px\" \/><\/figure>\n\n\n\n<div class=\"wp-block-group has-global-padding is-layout-constrained wp-block-group-is-layout-constrained\">\n<p>Do tej oddalonej o warto\u015b\u0107 podan\u0105 na s\u0142upku od w\u0119z\u0142owego Brunt\u00e1lu miejscowo\u015bci Mal\u00e1 Mor\u00e1vka, po\u0142o\u017conej w Wysokim Jesioniku na wysoko\u015bci 640 m n.p.m., w RJ 2008\/2009 dociera\u0142o 5 par poci\u0105g\u00f3w i kursowa\u0142y one tylko w soboty, niedziele i \u015bwi\u0119ta w szerokopoj\u0119tym sezonie letnim (1.05 &#8211; 28.09). 18.07.2009<\/p>\n<\/div>\n","protected":false},"excerpt":{"rendered":"<p>Do tej oddalonej o warto\u015b\u0107 podan\u0105 na s\u0142upku od w\u0119z\u0142owego Brunt\u00e1lu miejscowo\u015bci Mal\u00e1 Mor\u00e1vka, po\u0142o\u017conej w Wysokim Jesioniku na wysoko\u015bci 640 m n.p.m., w RJ 2008\/2009 dociera\u0142o 5 par poci\u0105g\u00f3w i kursowa\u0142y one tylko w soboty, niedziele i \u015bwi\u0119ta w szerokopoj\u0119tym sezonie letnim (1.05 &#8211; 28.09). 18.07.2009<\/p>\n","protected":false},"author":1,"featured_media":6076,"comment_status":"open","ping_status":"","sticky":false,"template":"","format":"standard","meta":{"footnotes":""},"categories":[2,169],"tags":[620,92,50,49,2288,94,2287],"class_list":["post-6075","post","type-post","status-publish","format-standard","has-post-thumbnail","hentry","category-kolej","category-rok-2009","tag-2009-07-18","tag-92","tag-cd","tag-czechy","tag-mala-moravka","tag-na-kolejowym-koncu-swiata","tag-tab-cz312"],"_links":{"self":[{"href":"http:\/\/wgphoto.pl\/t\/index.php?rest_route=\/wp\/v2\/posts\/6075","targetHints":{"allow":["GET"]}}],"collection":[{"href":"http:\/\/wgphoto.pl\/t\/index.php?rest_route=\/wp\/v2\/posts"}],"about":[{"href":"http:\/\/wgphoto.pl\/t\/index.php?rest_route=\/wp\/v2\/types\/post"}],"author":[{"embeddable":true,"href":"http:\/\/wgphoto.pl\/t\/index.php?rest_route=\/wp\/v2\/users\/1"}],"replies":[{"embeddable":true,"href":"http:\/\/wgphoto.pl\/t\/index.php?rest_route=%2Fwp%2Fv2%2Fcomments&post=6075"}],"version-history":[{"count":1,"href":"http:\/\/wgphoto.pl\/t\/index.php?rest_route=\/wp\/v2\/posts\/6075\/revisions"}],"predecessor-version":[{"id":6077,"href":"http:\/\/wgphoto.pl\/t\/index.php?rest_route=\/wp\/v2\/posts\/6075\/revisions\/6077"}],"wp:featuredmedia":[{"embeddable":true,"href":"http:\/\/wgphoto.pl\/t\/index.php?rest_route=\/wp\/v2\/media\/6076"}],"wp:attachment":[{"href":"http:\/\/wgphoto.pl\/t\/index.php?rest_route=%2Fwp%2Fv2%2Fmedia&parent=6075"}],"wp:term":[{"taxonomy":"category","embeddable":true,"href":"http:\/\/wgphoto.pl\/t\/index.php?rest_route=%2Fwp%2Fv2%2Fcategories&post=6075"},{"taxonomy":"post_tag","embeddable":true,"href":"http:\/\/wgphoto.pl\/t\/index.php?rest_route=%2Fwp%2Fv2%2Ftags&post=6075"}],"curies":[{"name":"wp","href":"https:\/\/api.w.org\/{rel}","templated":true}]}}