{"id":6152,"date":"2024-11-17T23:06:13","date_gmt":"2024-11-17T22:06:13","guid":{"rendered":"https:\/\/wgphoto.pl\/t\/?p=6152"},"modified":"2024-11-17T23:06:13","modified_gmt":"2024-11-17T22:06:13","slug":"wiosenny-landszaft","status":"publish","type":"post","link":"http:\/\/wgphoto.pl\/t\/?p=6152","title":{"rendered":"Wiosenny landszaft"},"content":{"rendered":"\n<figure class=\"wp-block-image aligncenter size-full\"><img loading=\"lazy\" decoding=\"async\" width=\"1200\" height=\"803\" src=\"https:\/\/wgphoto.pl\/t\/wp-content\/uploads\/2024\/11\/IMGP0124.jpg\" alt=\"\" class=\"wp-image-6153\" srcset=\"http:\/\/wgphoto.pl\/t\/wp-content\/uploads\/2024\/11\/IMGP0124.jpg 1200w, http:\/\/wgphoto.pl\/t\/wp-content\/uploads\/2024\/11\/IMGP0124-300x201.jpg 300w, http:\/\/wgphoto.pl\/t\/wp-content\/uploads\/2024\/11\/IMGP0124-768x514.jpg 768w\" sizes=\"auto, (max-width: 1200px) 100vw, 1200px\" \/><\/figure>\n\n\n\n<div class=\"wp-block-group has-global-padding is-layout-constrained wp-block-group-is-layout-constrained\">\n<p>Milav\u010de &#8211; Bl\u00ed\u017eejov. Nurek 754.060-2 prowadzi poci\u0105g osobowy 7421 relacji Doma\u017elice &#8211; Plze\u0148 hl.n. W tle rozci\u0105gj\u0105 si\u0119 wzg\u00f3rza V\u0161erubskiej vrchoviny. 12.04.2011<\/p>\n<\/div>\n","protected":false},"excerpt":{"rendered":"<p>Milav\u010de &#8211; Bl\u00ed\u017eejov. Nurek 754.060-2 prowadzi poci\u0105g osobowy 7421 relacji Doma\u017elice &#8211; Plze\u0148 hl.n. W tle rozci\u0105gj\u0105 si\u0119 wzg\u00f3rza V\u0161erubskiej vrchoviny. 12.04.2011<\/p>\n","protected":false},"author":1,"featured_media":6153,"comment_status":"open","ping_status":"","sticky":false,"template":"","format":"standard","meta":{"footnotes":""},"categories":[2,77],"tags":[93,335,2062,50,49,113,2060,2061],"class_list":["post-6152","post","type-post","status-publish","format-standard","has-post-thumbnail","hentry","category-kolej","category-rok-2011","tag-2011-04-12","tag-335","tag-blizejov","tag-cd","tag-czechy","tag-landszaft","tag-milavce","tag-tab-cz180"],"_links":{"self":[{"href":"http:\/\/wgphoto.pl\/t\/index.php?rest_route=\/wp\/v2\/posts\/6152","targetHints":{"allow":["GET"]}}],"collection":[{"href":"http:\/\/wgphoto.pl\/t\/index.php?rest_route=\/wp\/v2\/posts"}],"about":[{"href":"http:\/\/wgphoto.pl\/t\/index.php?rest_route=\/wp\/v2\/types\/post"}],"author":[{"embeddable":true,"href":"http:\/\/wgphoto.pl\/t\/index.php?rest_route=\/wp\/v2\/users\/1"}],"replies":[{"embeddable":true,"href":"http:\/\/wgphoto.pl\/t\/index.php?rest_route=%2Fwp%2Fv2%2Fcomments&post=6152"}],"version-history":[{"count":1,"href":"http:\/\/wgphoto.pl\/t\/index.php?rest_route=\/wp\/v2\/posts\/6152\/revisions"}],"predecessor-version":[{"id":6154,"href":"http:\/\/wgphoto.pl\/t\/index.php?rest_route=\/wp\/v2\/posts\/6152\/revisions\/6154"}],"wp:featuredmedia":[{"embeddable":true,"href":"http:\/\/wgphoto.pl\/t\/index.php?rest_route=\/wp\/v2\/media\/6153"}],"wp:attachment":[{"href":"http:\/\/wgphoto.pl\/t\/index.php?rest_route=%2Fwp%2Fv2%2Fmedia&parent=6152"}],"wp:term":[{"taxonomy":"category","embeddable":true,"href":"http:\/\/wgphoto.pl\/t\/index.php?rest_route=%2Fwp%2Fv2%2Fcategories&post=6152"},{"taxonomy":"post_tag","embeddable":true,"href":"http:\/\/wgphoto.pl\/t\/index.php?rest_route=%2Fwp%2Fv2%2Ftags&post=6152"}],"curies":[{"name":"wp","href":"https:\/\/api.w.org\/{rel}","templated":true}]}}