{"id":6207,"date":"2024-11-18T17:11:45","date_gmt":"2024-11-18T16:11:45","guid":{"rendered":"https:\/\/wgphoto.pl\/t\/?p=6207"},"modified":"2024-11-18T17:11:45","modified_gmt":"2024-11-18T16:11:45","slug":"nie-ma","status":"publish","type":"post","link":"http:\/\/wgphoto.pl\/t\/?p=6207","title":{"rendered":"Nie ma"},"content":{"rendered":"\n<figure class=\"wp-block-image aligncenter size-full\"><img loading=\"lazy\" decoding=\"async\" width=\"1300\" height=\"870\" src=\"https:\/\/wgphoto.pl\/t\/wp-content\/uploads\/2024\/11\/IMGP0004.jpg\" alt=\"\" class=\"wp-image-6208\" srcset=\"http:\/\/wgphoto.pl\/t\/wp-content\/uploads\/2024\/11\/IMGP0004.jpg 1300w, http:\/\/wgphoto.pl\/t\/wp-content\/uploads\/2024\/11\/IMGP0004-300x201.jpg 300w, http:\/\/wgphoto.pl\/t\/wp-content\/uploads\/2024\/11\/IMGP0004-768x514.jpg 768w\" sizes=\"auto, (max-width: 1300px) 100vw, 1300px\" \/><\/figure>\n\n\n\n<div class=\"wp-block-group has-global-padding is-layout-constrained wp-block-group-is-layout-constrained\">\n<p><em>Trumna<\/em> 843.025-8 prowadzi poci\u0105g pospieszny 988 relacji Pardubice hl.n. &#8211; Liberec. Sk\u0142ad mija bez zatrzymania stacj\u0119 Horka u Star\u00e9 Paky, na kt\u00f3rej wida\u0107 ju\u017c przygotowania do przebudowy. W ramach remontu nie tylko zmieni\u0142 si\u0119 uk\u0142ad tor\u00f3w i peron\u00f3w, ale i zburzono budynek stacyjny, co podnosi warto\u015b\u0107 tego knotka skadrowanego na ostatni\u0105 chwil\u0119. Dodatkowo wraz z rozpocz\u0119ciem obowi\u0105zywania RJ 2020\/2021 tras\u0119 t\u0119 zacz\u0119\u0142a obs\u0142ugiwa\u0107 Arriva, zatem \u015bmia\u0142o mo\u017cna powiedzie\u0107, \u017ce takiego obrazka ju\u017c nie ma. 13.10.2012<\/p>\n<\/div>\n","protected":false},"excerpt":{"rendered":"<p>Trumna 843.025-8 prowadzi poci\u0105g pospieszny 988 relacji Pardubice hl.n. &#8211; Liberec. Sk\u0142ad mija bez zatrzymania stacj\u0119 Horka u Star\u00e9 Paky, na kt\u00f3rej wida\u0107 ju\u017c przygotowania do przebudowy. W ramach remontu nie tylko zmieni\u0142 si\u0119 uk\u0142ad tor\u00f3w i peron\u00f3w, ale i zburzono budynek stacyjny, co podnosi warto\u015b\u0107 tego knotka skadrowanego na ostatni\u0105 chwil\u0119. Dodatkowo wraz z [&hellip;]<\/p>\n","protected":false},"author":1,"featured_media":6208,"comment_status":"open","ping_status":"","sticky":false,"template":"","format":"standard","meta":{"footnotes":""},"categories":[2,46],"tags":[1870,619,50,49,313,2313,2196],"class_list":["post-6207","post","type-post","status-publish","format-standard","has-post-thumbnail","hentry","category-kolej","category-rok-2012","tag-2012-10-13","tag-619","tag-cd","tag-czechy","tag-dyzurny","tag-horka-u-stare-paky","tag-tab-cz030"],"_links":{"self":[{"href":"http:\/\/wgphoto.pl\/t\/index.php?rest_route=\/wp\/v2\/posts\/6207","targetHints":{"allow":["GET"]}}],"collection":[{"href":"http:\/\/wgphoto.pl\/t\/index.php?rest_route=\/wp\/v2\/posts"}],"about":[{"href":"http:\/\/wgphoto.pl\/t\/index.php?rest_route=\/wp\/v2\/types\/post"}],"author":[{"embeddable":true,"href":"http:\/\/wgphoto.pl\/t\/index.php?rest_route=\/wp\/v2\/users\/1"}],"replies":[{"embeddable":true,"href":"http:\/\/wgphoto.pl\/t\/index.php?rest_route=%2Fwp%2Fv2%2Fcomments&post=6207"}],"version-history":[{"count":1,"href":"http:\/\/wgphoto.pl\/t\/index.php?rest_route=\/wp\/v2\/posts\/6207\/revisions"}],"predecessor-version":[{"id":6209,"href":"http:\/\/wgphoto.pl\/t\/index.php?rest_route=\/wp\/v2\/posts\/6207\/revisions\/6209"}],"wp:featuredmedia":[{"embeddable":true,"href":"http:\/\/wgphoto.pl\/t\/index.php?rest_route=\/wp\/v2\/media\/6208"}],"wp:attachment":[{"href":"http:\/\/wgphoto.pl\/t\/index.php?rest_route=%2Fwp%2Fv2%2Fmedia&parent=6207"}],"wp:term":[{"taxonomy":"category","embeddable":true,"href":"http:\/\/wgphoto.pl\/t\/index.php?rest_route=%2Fwp%2Fv2%2Fcategories&post=6207"},{"taxonomy":"post_tag","embeddable":true,"href":"http:\/\/wgphoto.pl\/t\/index.php?rest_route=%2Fwp%2Fv2%2Ftags&post=6207"}],"curies":[{"name":"wp","href":"https:\/\/api.w.org\/{rel}","templated":true}]}}