{"id":6210,"date":"2024-11-18T17:12:45","date_gmt":"2024-11-18T16:12:45","guid":{"rendered":"https:\/\/wgphoto.pl\/t\/?p=6210"},"modified":"2024-11-18T17:12:45","modified_gmt":"2024-11-18T16:12:45","slug":"na-alfamie-dzien-jak-co-dzien","status":"publish","type":"post","link":"http:\/\/wgphoto.pl\/t\/?p=6210","title":{"rendered":"Na Alfamie dzie\u0144 jak co dzie\u0144"},"content":{"rendered":"\n<figure class=\"wp-block-image aligncenter size-full\"><img loading=\"lazy\" decoding=\"async\" width=\"1300\" height=\"870\" src=\"https:\/\/wgphoto.pl\/t\/wp-content\/uploads\/2024\/11\/IMGP7346.jpg\" alt=\"\" class=\"wp-image-6211\" srcset=\"http:\/\/wgphoto.pl\/t\/wp-content\/uploads\/2024\/11\/IMGP7346.jpg 1300w, http:\/\/wgphoto.pl\/t\/wp-content\/uploads\/2024\/11\/IMGP7346-300x201.jpg 300w, http:\/\/wgphoto.pl\/t\/wp-content\/uploads\/2024\/11\/IMGP7346-768x514.jpg 768w\" sizes=\"auto, (max-width: 1300px) 100vw, 1300px\" \/><\/figure>\n\n\n\n<div class=\"wp-block-group has-global-padding is-layout-constrained wp-block-group-is-layout-constrained\">\n<p>Lizbona, Cal\u00e7ada de S\u00e3o Vicente. Czerwony tramwaj obs\u0142uguj\u0105cy lini\u0119 turystyczn\u0105 za chwil\u0119 wjedzie na jednotor prowadz\u0105cy przez najw\u0119\u017csz\u0105 ulic\u0119, a tubylcy zaj\u0119ci s\u0105 swoimi sprawami. 06.09.2010<\/p>\n<\/div>\n","protected":false},"excerpt":{"rendered":"<p>Lizbona, Cal\u00e7ada de S\u00e3o Vicente. Czerwony tramwaj obs\u0142uguj\u0105cy lini\u0119 turystyczn\u0105 za chwil\u0119 wjedzie na jednotor prowadz\u0105cy przez najw\u0119\u017csz\u0105 ulic\u0119, a tubylcy zaj\u0119ci s\u0105 swoimi sprawami. 06.09.2010<\/p>\n","protected":false},"author":1,"featured_media":6211,"comment_status":"open","ping_status":"","sticky":false,"template":"","format":"standard","meta":{"footnotes":""},"categories":[86,3],"tags":[300,299,494,298,151,297],"class_list":["post-6210","post","type-post","status-publish","format-standard","has-post-thumbnail","hentry","category-rok-2010","category-tramwaj","tag-2010-09-06","tag-carris-lisboa","tag-flaga","tag-lizbona","tag-ludzie","tag-portugalia"],"_links":{"self":[{"href":"http:\/\/wgphoto.pl\/t\/index.php?rest_route=\/wp\/v2\/posts\/6210","targetHints":{"allow":["GET"]}}],"collection":[{"href":"http:\/\/wgphoto.pl\/t\/index.php?rest_route=\/wp\/v2\/posts"}],"about":[{"href":"http:\/\/wgphoto.pl\/t\/index.php?rest_route=\/wp\/v2\/types\/post"}],"author":[{"embeddable":true,"href":"http:\/\/wgphoto.pl\/t\/index.php?rest_route=\/wp\/v2\/users\/1"}],"replies":[{"embeddable":true,"href":"http:\/\/wgphoto.pl\/t\/index.php?rest_route=%2Fwp%2Fv2%2Fcomments&post=6210"}],"version-history":[{"count":1,"href":"http:\/\/wgphoto.pl\/t\/index.php?rest_route=\/wp\/v2\/posts\/6210\/revisions"}],"predecessor-version":[{"id":6212,"href":"http:\/\/wgphoto.pl\/t\/index.php?rest_route=\/wp\/v2\/posts\/6210\/revisions\/6212"}],"wp:featuredmedia":[{"embeddable":true,"href":"http:\/\/wgphoto.pl\/t\/index.php?rest_route=\/wp\/v2\/media\/6211"}],"wp:attachment":[{"href":"http:\/\/wgphoto.pl\/t\/index.php?rest_route=%2Fwp%2Fv2%2Fmedia&parent=6210"}],"wp:term":[{"taxonomy":"category","embeddable":true,"href":"http:\/\/wgphoto.pl\/t\/index.php?rest_route=%2Fwp%2Fv2%2Fcategories&post=6210"},{"taxonomy":"post_tag","embeddable":true,"href":"http:\/\/wgphoto.pl\/t\/index.php?rest_route=%2Fwp%2Fv2%2Ftags&post=6210"}],"curies":[{"name":"wp","href":"https:\/\/api.w.org\/{rel}","templated":true}]}}