{"id":6216,"date":"2024-11-18T17:14:46","date_gmt":"2024-11-18T16:14:46","guid":{"rendered":"https:\/\/wgphoto.pl\/t\/?p=6216"},"modified":"2024-11-18T17:14:46","modified_gmt":"2024-11-18T16:14:46","slug":"ujecie-z-karpiem","status":"publish","type":"post","link":"http:\/\/wgphoto.pl\/t\/?p=6216","title":{"rendered":"Uj\u0119cie z karpiem"},"content":{"rendered":"\n<figure class=\"wp-block-image aligncenter size-full\"><img loading=\"lazy\" decoding=\"async\" width=\"1200\" height=\"900\" src=\"https:\/\/wgphoto.pl\/t\/wp-content\/uploads\/2024\/11\/IMGP4033.jpg\" alt=\"\" class=\"wp-image-6217\" srcset=\"http:\/\/wgphoto.pl\/t\/wp-content\/uploads\/2024\/11\/IMGP4033.jpg 1200w, http:\/\/wgphoto.pl\/t\/wp-content\/uploads\/2024\/11\/IMGP4033-300x225.jpg 300w, http:\/\/wgphoto.pl\/t\/wp-content\/uploads\/2024\/11\/IMGP4033-768x576.jpg 768w\" sizes=\"auto, (max-width: 1200px) 100vw, 1200px\" \/><\/figure>\n\n\n\n<div class=\"wp-block-group has-global-padding is-layout-constrained wp-block-group-is-layout-constrained\">\n<p>Poci\u0105g osobowy relacji \u010cesk\u00e9 Bud\u011bjovice &#8211; Strakonice, prowadzony lokomotyw\u0105 242.276-4, zbli\u017ca si\u0119 do \u010c\u00ed\u010denic. Sk\u0142ad mija Strpsk\u00fd staw, jeden z wielu w tej okolicy, s\u0142yn\u0105cej z hodowli karpia. To mia\u0142o by\u0107 zwyczajne foto, albo i jeszcze gorzej &#8211; z uwagi na nie doszacowan\u0105 wysoko\u015b\u0107 flory porastaj\u0105cej brzeg, a tymczasem dok\u0142adnie w chwili przejazdu poci\u0105gu na g\u0142adkiej tafli wody pojawi\u0142 si\u0119 i sam karp we w\u0142asnej osobie. Wielce \u017ca\u0142uj\u0119, \u017ce kadrowanie takiej okoliczno\u015bci nie przewidzia\u0142o. Ale niech\u017ce kto\u015b przyzna, \u017ce fotografuj\u0105c poci\u0105g spodziewa\u0142 si\u0119 kiedykolwiek, \u017ce mu w kadr jakby nigdy nic wskoczy sobie ryba\u2026 26.09.2011<\/p>\n<\/div>\n","protected":false},"excerpt":{"rendered":"<p>Poci\u0105g osobowy relacji \u010cesk\u00e9 Bud\u011bjovice &#8211; Strakonice, prowadzony lokomotyw\u0105 242.276-4, zbli\u017ca si\u0119 do \u010c\u00ed\u010denic. Sk\u0142ad mija Strpsk\u00fd staw, jeden z wielu w tej okolicy, s\u0142yn\u0105cej z hodowli karpia. To mia\u0142o by\u0107 zwyczajne foto, albo i jeszcze gorzej &#8211; z uwagi na nie doszacowan\u0105 wysoko\u015b\u0107 flory porastaj\u0105cej brzeg, a tymczasem dok\u0142adnie w chwili przejazdu poci\u0105gu na [&hellip;]<\/p>\n","protected":false},"author":1,"featured_media":6217,"comment_status":"open","ping_status":"","sticky":false,"template":"","format":"standard","meta":{"footnotes":""},"categories":[2,77,3],"tags":[1471,305,50,2314,49,716,2315,1555],"class_list":["post-6216","post","type-post","status-publish","format-standard","has-post-thumbnail","hentry","category-kolej","category-rok-2011","category-tramwaj","tag-2011-09-26","tag-305","tag-cd","tag-cicenice","tag-czechy","tag-tab-cz190","tag-zablaticko","tag-zwierzyna"],"_links":{"self":[{"href":"http:\/\/wgphoto.pl\/t\/index.php?rest_route=\/wp\/v2\/posts\/6216","targetHints":{"allow":["GET"]}}],"collection":[{"href":"http:\/\/wgphoto.pl\/t\/index.php?rest_route=\/wp\/v2\/posts"}],"about":[{"href":"http:\/\/wgphoto.pl\/t\/index.php?rest_route=\/wp\/v2\/types\/post"}],"author":[{"embeddable":true,"href":"http:\/\/wgphoto.pl\/t\/index.php?rest_route=\/wp\/v2\/users\/1"}],"replies":[{"embeddable":true,"href":"http:\/\/wgphoto.pl\/t\/index.php?rest_route=%2Fwp%2Fv2%2Fcomments&post=6216"}],"version-history":[{"count":1,"href":"http:\/\/wgphoto.pl\/t\/index.php?rest_route=\/wp\/v2\/posts\/6216\/revisions"}],"predecessor-version":[{"id":6218,"href":"http:\/\/wgphoto.pl\/t\/index.php?rest_route=\/wp\/v2\/posts\/6216\/revisions\/6218"}],"wp:featuredmedia":[{"embeddable":true,"href":"http:\/\/wgphoto.pl\/t\/index.php?rest_route=\/wp\/v2\/media\/6217"}],"wp:attachment":[{"href":"http:\/\/wgphoto.pl\/t\/index.php?rest_route=%2Fwp%2Fv2%2Fmedia&parent=6216"}],"wp:term":[{"taxonomy":"category","embeddable":true,"href":"http:\/\/wgphoto.pl\/t\/index.php?rest_route=%2Fwp%2Fv2%2Fcategories&post=6216"},{"taxonomy":"post_tag","embeddable":true,"href":"http:\/\/wgphoto.pl\/t\/index.php?rest_route=%2Fwp%2Fv2%2Ftags&post=6216"}],"curies":[{"name":"wp","href":"https:\/\/api.w.org\/{rel}","templated":true}]}}