{"id":6219,"date":"2024-11-18T17:15:44","date_gmt":"2024-11-18T16:15:44","guid":{"rendered":"https:\/\/wgphoto.pl\/t\/?p=6219"},"modified":"2024-11-18T17:15:44","modified_gmt":"2024-11-18T16:15:44","slug":"jesienny-impuls-w-poziomie","status":"publish","type":"post","link":"http:\/\/wgphoto.pl\/t\/?p=6219","title":{"rendered":"Jesienny Impuls w poziomie"},"content":{"rendered":"\n<figure class=\"wp-block-image aligncenter size-full\"><img loading=\"lazy\" decoding=\"async\" width=\"1300\" height=\"861\" src=\"https:\/\/wgphoto.pl\/t\/wp-content\/uploads\/2024\/11\/IMGP1112.jpg\" alt=\"\" class=\"wp-image-6220\" srcset=\"http:\/\/wgphoto.pl\/t\/wp-content\/uploads\/2024\/11\/IMGP1112.jpg 1300w, http:\/\/wgphoto.pl\/t\/wp-content\/uploads\/2024\/11\/IMGP1112-300x199.jpg 300w, http:\/\/wgphoto.pl\/t\/wp-content\/uploads\/2024\/11\/IMGP1112-768x509.jpg 768w\" sizes=\"auto, (max-width: 1300px) 100vw, 1300px\" \/><\/figure>\n\n\n\n<div class=\"wp-block-group has-global-padding is-layout-constrained wp-block-group-is-layout-constrained\">\n<p>31WE-001 jako poci\u0105g osobowy 69269 z Wroc\u0142awia G\u0142. do Szklarskiej Por\u0119by G\u00f3rnej zaraz wjedzie do tunelu przez Szklarsk\u0105 Por\u0119b\u0105 Doln\u0105. 25.10.2020<\/p>\n<\/div>\n","protected":false},"excerpt":{"rendered":"<p>31WE-001 jako poci\u0105g osobowy 69269 z Wroc\u0142awia G\u0142. do Szklarskiej Por\u0119by G\u00f3rnej zaraz wjedzie do tunelu przez Szklarsk\u0105 Por\u0119b\u0105 Doln\u0105. 25.10.2020<\/p>\n","protected":false},"author":1,"featured_media":6220,"comment_status":"open","ping_status":"","sticky":false,"template":"","format":"standard","meta":{"footnotes":""},"categories":[2,676],"tags":[2244,659,114,2316,126,402,1606,2317,27,934],"class_list":["post-6219","post","type-post","status-publish","format-standard","has-post-thumbnail","hentry","category-kolej","category-rok-2020","tag-2020-10-25","tag-31we","tag-gory","tag-gorzyniec","tag-jesien","tag-kd","tag-koleje-dolnoslaskie","tag-neag-impuls","tag-polska","tag-szklarska-poreba-gorna"],"_links":{"self":[{"href":"http:\/\/wgphoto.pl\/t\/index.php?rest_route=\/wp\/v2\/posts\/6219","targetHints":{"allow":["GET"]}}],"collection":[{"href":"http:\/\/wgphoto.pl\/t\/index.php?rest_route=\/wp\/v2\/posts"}],"about":[{"href":"http:\/\/wgphoto.pl\/t\/index.php?rest_route=\/wp\/v2\/types\/post"}],"author":[{"embeddable":true,"href":"http:\/\/wgphoto.pl\/t\/index.php?rest_route=\/wp\/v2\/users\/1"}],"replies":[{"embeddable":true,"href":"http:\/\/wgphoto.pl\/t\/index.php?rest_route=%2Fwp%2Fv2%2Fcomments&post=6219"}],"version-history":[{"count":1,"href":"http:\/\/wgphoto.pl\/t\/index.php?rest_route=\/wp\/v2\/posts\/6219\/revisions"}],"predecessor-version":[{"id":6221,"href":"http:\/\/wgphoto.pl\/t\/index.php?rest_route=\/wp\/v2\/posts\/6219\/revisions\/6221"}],"wp:featuredmedia":[{"embeddable":true,"href":"http:\/\/wgphoto.pl\/t\/index.php?rest_route=\/wp\/v2\/media\/6220"}],"wp:attachment":[{"href":"http:\/\/wgphoto.pl\/t\/index.php?rest_route=%2Fwp%2Fv2%2Fmedia&parent=6219"}],"wp:term":[{"taxonomy":"category","embeddable":true,"href":"http:\/\/wgphoto.pl\/t\/index.php?rest_route=%2Fwp%2Fv2%2Fcategories&post=6219"},{"taxonomy":"post_tag","embeddable":true,"href":"http:\/\/wgphoto.pl\/t\/index.php?rest_route=%2Fwp%2Fv2%2Ftags&post=6219"}],"curies":[{"name":"wp","href":"https:\/\/api.w.org\/{rel}","templated":true}]}}