{"id":6255,"date":"2024-11-19T18:59:14","date_gmt":"2024-11-19T17:59:14","guid":{"rendered":"https:\/\/wgphoto.pl\/t\/?p=6255"},"modified":"2024-11-19T18:59:14","modified_gmt":"2024-11-19T17:59:14","slug":"ardez","status":"publish","type":"post","link":"http:\/\/wgphoto.pl\/t\/?p=6255","title":{"rendered":"Ardez"},"content":{"rendered":"\n<figure class=\"wp-block-image aligncenter size-full\"><img loading=\"lazy\" decoding=\"async\" width=\"1300\" height=\"861\" src=\"https:\/\/wgphoto.pl\/t\/wp-content\/uploads\/2024\/11\/IMGP8116.jpg\" alt=\"\" class=\"wp-image-6256\" srcset=\"http:\/\/wgphoto.pl\/t\/wp-content\/uploads\/2024\/11\/IMGP8116.jpg 1300w, http:\/\/wgphoto.pl\/t\/wp-content\/uploads\/2024\/11\/IMGP8116-300x199.jpg 300w, http:\/\/wgphoto.pl\/t\/wp-content\/uploads\/2024\/11\/IMGP8116-768x509.jpg 768w\" sizes=\"auto, (max-width: 1300px) 100vw, 1300px\" \/><\/figure>\n\n\n\n<div class=\"wp-block-group has-global-padding is-layout-constrained wp-block-group-is-layout-constrained\">\n<p>Poci\u0105g RE 1236 relacji Scuol-Tarasp &#8211; Landquart zatrzymuje si\u0119 na stacji Ardez. G\u00f3rki na drugim planie mierz\u0105 oko\u0142o 2000 m n.p.m., a o\u015bnie\u017cone szczyty na trzecim planie nale\u017c\u0105 do Sesvennagruppe i wznosz\u0105 si\u0119 ponad 3000 metr\u00f3w nad poziom morza. 25.03.2018<\/p>\n<\/div>\n","protected":false},"excerpt":{"rendered":"<p>Poci\u0105g RE 1236 relacji Scuol-Tarasp &#8211; Landquart zatrzymuje si\u0119 na stacji Ardez. G\u00f3rki na drugim planie mierz\u0105 oko\u0142o 2000 m n.p.m., a o\u015bnie\u017cone szczyty na trzecim planie nale\u017c\u0105 do Sesvennagruppe i wznosz\u0105 si\u0119 ponad 3000 metr\u00f3w nad poziom morza. 25.03.2018<\/p>\n","protected":false},"author":1,"featured_media":6256,"comment_status":"open","ping_status":"","sticky":false,"template":"","format":"standard","meta":{"footnotes":""},"categories":[2,156],"tags":[1063,2327,114,1186,737,44,183,186],"class_list":["post-6255","post","type-post","status-publish","format-standard","has-post-thumbnail","hentry","category-kolej","category-rok-2018","tag-2018-03-25","tag-ardez","tag-gory","tag-na-wsiadanego","tag-rhatische-bahn","tag-snieg","tag-suissetrip-2018","tag-szwajcaria"],"_links":{"self":[{"href":"http:\/\/wgphoto.pl\/t\/index.php?rest_route=\/wp\/v2\/posts\/6255","targetHints":{"allow":["GET"]}}],"collection":[{"href":"http:\/\/wgphoto.pl\/t\/index.php?rest_route=\/wp\/v2\/posts"}],"about":[{"href":"http:\/\/wgphoto.pl\/t\/index.php?rest_route=\/wp\/v2\/types\/post"}],"author":[{"embeddable":true,"href":"http:\/\/wgphoto.pl\/t\/index.php?rest_route=\/wp\/v2\/users\/1"}],"replies":[{"embeddable":true,"href":"http:\/\/wgphoto.pl\/t\/index.php?rest_route=%2Fwp%2Fv2%2Fcomments&post=6255"}],"version-history":[{"count":1,"href":"http:\/\/wgphoto.pl\/t\/index.php?rest_route=\/wp\/v2\/posts\/6255\/revisions"}],"predecessor-version":[{"id":6257,"href":"http:\/\/wgphoto.pl\/t\/index.php?rest_route=\/wp\/v2\/posts\/6255\/revisions\/6257"}],"wp:featuredmedia":[{"embeddable":true,"href":"http:\/\/wgphoto.pl\/t\/index.php?rest_route=\/wp\/v2\/media\/6256"}],"wp:attachment":[{"href":"http:\/\/wgphoto.pl\/t\/index.php?rest_route=%2Fwp%2Fv2%2Fmedia&parent=6255"}],"wp:term":[{"taxonomy":"category","embeddable":true,"href":"http:\/\/wgphoto.pl\/t\/index.php?rest_route=%2Fwp%2Fv2%2Fcategories&post=6255"},{"taxonomy":"post_tag","embeddable":true,"href":"http:\/\/wgphoto.pl\/t\/index.php?rest_route=%2Fwp%2Fv2%2Ftags&post=6255"}],"curies":[{"name":"wp","href":"https:\/\/api.w.org\/{rel}","templated":true}]}}