{"id":6258,"date":"2024-11-19T19:00:27","date_gmt":"2024-11-19T18:00:27","guid":{"rendered":"https:\/\/wgphoto.pl\/t\/?p=6258"},"modified":"2024-11-19T19:00:27","modified_gmt":"2024-11-19T18:00:27","slug":"stal-i-rdza","status":"publish","type":"post","link":"http:\/\/wgphoto.pl\/t\/?p=6258","title":{"rendered":"Stal i rdza"},"content":{"rendered":"\n<figure class=\"wp-block-image aligncenter size-full\"><img loading=\"lazy\" decoding=\"async\" width=\"1300\" height=\"861\" src=\"https:\/\/wgphoto.pl\/t\/wp-content\/uploads\/2024\/11\/IMGP8999.jpg\" alt=\"\" class=\"wp-image-6259\" srcset=\"http:\/\/wgphoto.pl\/t\/wp-content\/uploads\/2024\/11\/IMGP8999.jpg 1300w, http:\/\/wgphoto.pl\/t\/wp-content\/uploads\/2024\/11\/IMGP8999-300x199.jpg 300w, http:\/\/wgphoto.pl\/t\/wp-content\/uploads\/2024\/11\/IMGP8999-768x509.jpg 768w\" sizes=\"auto, (max-width: 1300px) 100vw, 1300px\" \/><\/figure>\n\n\n\n<div class=\"wp-block-group has-global-padding is-layout-constrained wp-block-group-is-layout-constrained\">\n<p>Poci\u0105g osobowy 64544 z Wroc\u0142awia G\u0142. do Lubli\u0144ca, obs\u0142ugiwany jednostk\u0105 EN57-2072, wjecha\u0142 na kratownicowy most nad kana\u0142ami Odry na szlaku Wroc\u0142aw Nadodrze &#8211; Wroc\u0142aw So\u0142tysowice. 22.01.2017<\/p>\n<\/div>\n","protected":false},"excerpt":{"rendered":"<p>Poci\u0105g osobowy 64544 z Wroc\u0142awia G\u0142. do Lubli\u0144ca, obs\u0142ugiwany jednostk\u0105 EN57-2072, wjecha\u0142 na kratownicowy most nad kana\u0142ami Odry na szlaku Wroc\u0142aw Nadodrze &#8211; Wroc\u0142aw So\u0142tysowice. 22.01.2017<\/p>\n","protected":false},"author":1,"featured_media":6259,"comment_status":"open","ping_status":"","sticky":false,"template":"","format":"standard","meta":{"footnotes":""},"categories":[2,368],"tags":[2328,132,173,45,63,27,1502,246,41,245,1659],"class_list":["post-6258","post","type-post","status-publish","format-standard","has-post-thumbnail","hentry","category-kolej","category-rok-2017","tag-2017-01-22","tag-en57","tag-koncowki","tag-most","tag-pkp","tag-polska","tag-przewozy-regionalne","tag-tab-pl200","tag-wroclaw","tag-wroclaw-nadodrze","tag-wroclaw-soltysowice"],"_links":{"self":[{"href":"http:\/\/wgphoto.pl\/t\/index.php?rest_route=\/wp\/v2\/posts\/6258","targetHints":{"allow":["GET"]}}],"collection":[{"href":"http:\/\/wgphoto.pl\/t\/index.php?rest_route=\/wp\/v2\/posts"}],"about":[{"href":"http:\/\/wgphoto.pl\/t\/index.php?rest_route=\/wp\/v2\/types\/post"}],"author":[{"embeddable":true,"href":"http:\/\/wgphoto.pl\/t\/index.php?rest_route=\/wp\/v2\/users\/1"}],"replies":[{"embeddable":true,"href":"http:\/\/wgphoto.pl\/t\/index.php?rest_route=%2Fwp%2Fv2%2Fcomments&post=6258"}],"version-history":[{"count":1,"href":"http:\/\/wgphoto.pl\/t\/index.php?rest_route=\/wp\/v2\/posts\/6258\/revisions"}],"predecessor-version":[{"id":6260,"href":"http:\/\/wgphoto.pl\/t\/index.php?rest_route=\/wp\/v2\/posts\/6258\/revisions\/6260"}],"wp:featuredmedia":[{"embeddable":true,"href":"http:\/\/wgphoto.pl\/t\/index.php?rest_route=\/wp\/v2\/media\/6259"}],"wp:attachment":[{"href":"http:\/\/wgphoto.pl\/t\/index.php?rest_route=%2Fwp%2Fv2%2Fmedia&parent=6258"}],"wp:term":[{"taxonomy":"category","embeddable":true,"href":"http:\/\/wgphoto.pl\/t\/index.php?rest_route=%2Fwp%2Fv2%2Fcategories&post=6258"},{"taxonomy":"post_tag","embeddable":true,"href":"http:\/\/wgphoto.pl\/t\/index.php?rest_route=%2Fwp%2Fv2%2Ftags&post=6258"}],"curies":[{"name":"wp","href":"https:\/\/api.w.org\/{rel}","templated":true}]}}