{"id":6270,"date":"2024-11-19T19:04:17","date_gmt":"2024-11-19T18:04:17","guid":{"rendered":"https:\/\/wgphoto.pl\/t\/?p=6270"},"modified":"2024-11-19T19:04:17","modified_gmt":"2024-11-19T18:04:17","slug":"vysna-mysla","status":"publish","type":"post","link":"http:\/\/wgphoto.pl\/t\/?p=6270","title":{"rendered":"Vy\u0161n\u00e1 My\u0161\u013ea"},"content":{"rendered":"\n<figure class=\"wp-block-image aligncenter size-full\"><img loading=\"lazy\" decoding=\"async\" width=\"1300\" height=\"861\" src=\"https:\/\/wgphoto.pl\/t\/wp-content\/uploads\/2024\/11\/IMGP9682.jpg\" alt=\"\" class=\"wp-image-6271\" srcset=\"http:\/\/wgphoto.pl\/t\/wp-content\/uploads\/2024\/11\/IMGP9682.jpg 1300w, http:\/\/wgphoto.pl\/t\/wp-content\/uploads\/2024\/11\/IMGP9682-300x199.jpg 300w, http:\/\/wgphoto.pl\/t\/wp-content\/uploads\/2024\/11\/IMGP9682-768x509.jpg 768w\" sizes=\"auto, (max-width: 1300px) 100vw, 1300px\" \/><\/figure>\n\n\n\n<div class=\"wp-block-group has-global-padding is-layout-constrained wp-block-group-is-layout-constrained\">\n<p><em>Torn\u00e1do<\/em> 460.?+058 jako poci\u0105g osobowy 8826 z \u010ciernej nad Tisou do Koszyc odje\u017cd\u017ca z tytu\u0142owego przystanku w kierunku zempli\u0144skich wzg\u00f3rz, za kt\u00f3rymi zaczynaj\u0105 si\u0119 ju\u017c W\u0119gry. Poci\u0105g jednak obr\u00f3ci si\u0119 zaraz o 180 stopni i przy okazji zjedzie kilkadzie\u015bci metr\u00f3w w d\u00f3\u0142. 14.08.2020<\/p>\n<\/div>\n","protected":false},"excerpt":{"rendered":"<p>Torn\u00e1do 460.?+058 jako poci\u0105g osobowy 8826 z \u010ciernej nad Tisou do Koszyc odje\u017cd\u017ca z tytu\u0142owego przystanku w kierunku zempli\u0144skich wzg\u00f3rz, za kt\u00f3rymi zaczynaj\u0105 si\u0119 ju\u017c W\u0119gry. Poci\u0105g jednak obr\u00f3ci si\u0119 zaraz o 180 stopni i przy okazji zjedzie kilkadzie\u015bci metr\u00f3w w d\u00f3\u0142. 14.08.2020<\/p>\n","protected":false},"author":1,"featured_media":6271,"comment_status":"open","ping_status":"","sticky":false,"template":"","format":"standard","meta":{"footnotes":""},"categories":[2,676],"tags":[677,1398,114,173,678,675,2330,469],"class_list":["post-6270","post","type-post","status-publish","format-standard","has-post-thumbnail","hentry","category-kolej","category-rok-2020","tag-2020-08-14","tag-1398","tag-gory","tag-koncowki","tag-slovensko-uhersko-2020","tag-slowacja","tag-vysna-mysla","tag-zssk"],"_links":{"self":[{"href":"http:\/\/wgphoto.pl\/t\/index.php?rest_route=\/wp\/v2\/posts\/6270","targetHints":{"allow":["GET"]}}],"collection":[{"href":"http:\/\/wgphoto.pl\/t\/index.php?rest_route=\/wp\/v2\/posts"}],"about":[{"href":"http:\/\/wgphoto.pl\/t\/index.php?rest_route=\/wp\/v2\/types\/post"}],"author":[{"embeddable":true,"href":"http:\/\/wgphoto.pl\/t\/index.php?rest_route=\/wp\/v2\/users\/1"}],"replies":[{"embeddable":true,"href":"http:\/\/wgphoto.pl\/t\/index.php?rest_route=%2Fwp%2Fv2%2Fcomments&post=6270"}],"version-history":[{"count":1,"href":"http:\/\/wgphoto.pl\/t\/index.php?rest_route=\/wp\/v2\/posts\/6270\/revisions"}],"predecessor-version":[{"id":6272,"href":"http:\/\/wgphoto.pl\/t\/index.php?rest_route=\/wp\/v2\/posts\/6270\/revisions\/6272"}],"wp:featuredmedia":[{"embeddable":true,"href":"http:\/\/wgphoto.pl\/t\/index.php?rest_route=\/wp\/v2\/media\/6271"}],"wp:attachment":[{"href":"http:\/\/wgphoto.pl\/t\/index.php?rest_route=%2Fwp%2Fv2%2Fmedia&parent=6270"}],"wp:term":[{"taxonomy":"category","embeddable":true,"href":"http:\/\/wgphoto.pl\/t\/index.php?rest_route=%2Fwp%2Fv2%2Fcategories&post=6270"},{"taxonomy":"post_tag","embeddable":true,"href":"http:\/\/wgphoto.pl\/t\/index.php?rest_route=%2Fwp%2Fv2%2Ftags&post=6270"}],"curies":[{"name":"wp","href":"https:\/\/api.w.org\/{rel}","templated":true}]}}